{"id":141416,"date":"2022-02-21T15:18:03","date_gmt":"2022-02-21T20:18:03","guid":{"rendered":"https:\/\/linitiative.ca\/International\/lancement-le-13-mars-de-la-nouvelle-desserte-casablanca-tel-aviv\/"},"modified":"2022-02-21T15:18:03","modified_gmt":"2022-02-21T20:18:03","slug":"lancement-le-13-mars-de-la-nouvelle-desserte-casablanca-tel-aviv","status":"publish","type":"post","link":"https:\/\/linitiative.ca\/International\/lancement-le-13-mars-de-la-nouvelle-desserte-casablanca-tel-aviv\/","title":{"rendered":"Lancement le 13 mars de la nouvelle desserte Casablanca-Tel Aviv"},"content":{"rendered":"<div>\n<p><img decoding=\"async\" width=\"660\" height=\"369\" src=\"https:\/\/linitiative.ca\/International\/wp-content\/uploads\/sites\/23\/2022\/02\/16454746848245.jpg\" class=\"attachment-post-thumbnail size-post-thumbnail wp-post-image\" alt=\"\" loading=\"lazy\" srcset=\"https:\/\/linitiative.ca\/International\/wp-content\/uploads\/sites\/23\/2022\/02\/16454746848245.jpg 660w, https:\/\/www.journalducameroun.com\/wp-content\/uploads\/2022\/02\/16454746848245-300x168.jpg 300w, https:\/\/www.journalducameroun.com\/wp-content\/uploads\/2022\/02\/16454746848245-160x90.jpg 160w, https:\/\/www.journalducameroun.com\/wp-content\/uploads\/2022\/02\/16454746848245-240x135.jpg 240w, https:\/\/www.journalducameroun.com\/wp-content\/uploads\/2022\/02\/16454746848245-600x335.jpg 600w\" sizes=\"auto, (max-width: 660px) 100vw, 660px\"><\/p>\n<p>La compagnie marocaine d&rsquo;aviation civile, Royal Air Maroc (RAM) lance, \u00e0 compter du 13 mars prochain, sa nouvelle ligne r\u00e9guli\u00e8re reliant Casablanca et Tel-Aviv.Cette nouvelle route sera op\u00e9r\u00e9e \u00e0 raison de quatre fr\u00e9quences par semaine dans un premier temps, pour passer rapidement \u00e0 cinq vols par semaine, indique lundi la RAM dans un communiqu\u00e9 parvenu \u00e0 APA.<\/p>\n<p>Les vols sont programm\u00e9s au d\u00e9part de Casablanca mardi, mercredi, jeudi et dimanche \u00e0 23h55 (heure du Maroc) avec une arriv\u00e9e \u00e0 Tel-Aviv \u00e0 06h15 (heure locale), pr\u00e9cise-t-on.<\/p>\n<p>Les vols au d\u00e9part de Tel Aviv sont programm\u00e9s lundi, mercredi, jeudi et vendredi avec un d\u00e9collage \u00e0 07h15 (heure locale) et une arriv\u00e9e \u00e0 Casablanca \u00e0 12h10 (GMT+1).<\/p>\n<p>Cette nouvelle liaison r\u00e9pond aux attentes de la communaut\u00e9 marocaine \u00e9tablie en Isra\u00ebl qui entretient des liens forts avec son pays d&rsquo;origine et vise aussi \u00e0 permettre aux touristes, ainsi qu&rsquo;aux femmes et hommes d&rsquo;affaires, de se rendre au Maroc ou en Isra\u00ebl, selon le communiqu\u00e9.<\/p>\n<p>Cet article <a rel=\"nofollow\" href=\"https:\/\/www.journalducameroun.com\/lancement-le-13-mars-de-la-nouvelle-desserte-casablanca-tel-aviv\/\">Lancement le 13 mars de la nouvelle desserte Casablanca-Tel Aviv<\/a> est apparu en premier sur <a rel=\"nofollow\" href=\"https:\/\/www.journalducameroun.com\/\">Journal du Cameroun<\/a>.<\/p>\n<\/div>\n<p>Auteur: APA News<br \/>\n<a href=\"https:\/\/www.journalducameroun.com\/lancement-le-13-mars-de-la-nouvelle-desserte-casablanca-tel-aviv\/\">Cliquez ici pour lire l&rsquo;article depuis sa source.<\/a><\/p>\n","protected":false},"excerpt":{"rendered":"<p>La compagnie marocaine d&rsquo;aviation civile, Royal Air Maroc (RAM) lance, \u00e0 compter du 13 mars prochain, sa nouvelle ligne r\u00e9guli\u00e8re reliant Casablanca et Tel-Aviv.Cette nouvelle route sera op\u00e9r\u00e9e \u00e0 raison de quatre fr\u00e9quences par semaine dans un premier temps, pour passer rapidement \u00e0 cinq vols par semaine, indique lundi la RAM dans un communiqu\u00e9 parvenu [&hellip;]<\/p>\n","protected":false},"author":1965,"featured_media":0,"comment_status":"closed","ping_status":"closed","sticky":false,"template":"","format":"standard","meta":{"fifu_image_url":"https:\/\/www.journalducameroun.com\/wp-content\/uploads\/2022\/02\/16454746848245.jpg","fifu_image_alt":"Lancement le 13 mars de la nouvelle desserte Casablanca-Tel Aviv","footnotes":""},"categories":[73,82],"tags":[],"class_list":["post-141416","post","type-post","status-publish","format-standard","hentry","category-actualite","category-cameroun"],"_links":{"self":[{"href":"https:\/\/linitiative.ca\/International\/wp-json\/wp\/v2\/posts\/141416","targetHints":{"allow":["GET"]}}],"collection":[{"href":"https:\/\/linitiative.ca\/International\/wp-json\/wp\/v2\/posts"}],"about":[{"href":"https:\/\/linitiative.ca\/International\/wp-json\/wp\/v2\/types\/post"}],"author":[{"embeddable":true,"href":"https:\/\/linitiative.ca\/International\/wp-json\/wp\/v2\/users\/1965"}],"replies":[{"embeddable":true,"href":"https:\/\/linitiative.ca\/International\/wp-json\/wp\/v2\/comments?post=141416"}],"version-history":[{"count":0,"href":"https:\/\/linitiative.ca\/International\/wp-json\/wp\/v2\/posts\/141416\/revisions"}],"wp:attachment":[{"href":"https:\/\/linitiative.ca\/International\/wp-json\/wp\/v2\/media?parent=141416"}],"wp:term":[{"taxonomy":"category","embeddable":true,"href":"https:\/\/linitiative.ca\/International\/wp-json\/wp\/v2\/categories?post=141416"},{"taxonomy":"post_tag","embeddable":true,"href":"https:\/\/linitiative.ca\/International\/wp-json\/wp\/v2\/tags?post=141416"}],"curies":[{"name":"wp","href":"https:\/\/api.w.org\/{rel}","templated":true}]}}