{"id":141418,"date":"2022-02-21T16:18:03","date_gmt":"2022-02-21T21:18:03","guid":{"rendered":"https:\/\/linitiative.ca\/International\/maroc-les-exportations-culminent-a-plus-de-30-milliards-deuros-en-2021\/"},"modified":"2022-02-21T16:18:03","modified_gmt":"2022-02-21T21:18:03","slug":"maroc-les-exportations-culminent-a-plus-de-30-milliards-deuros-en-2021","status":"publish","type":"post","link":"https:\/\/linitiative.ca\/International\/maroc-les-exportations-culminent-a-plus-de-30-milliards-deuros-en-2021\/","title":{"rendered":"Maroc: les exportations culminent \u00e0 plus de 30 milliards d\u2019euros en 2021"},"content":{"rendered":"<div>\n<p><img decoding=\"async\" width=\"312\" height=\"161\" src=\"https:\/\/linitiative.ca\/International\/wp-content\/uploads\/sites\/23\/2022\/02\/16454782836102.jpg\" class=\"attachment-post-thumbnail size-post-thumbnail wp-post-image\" alt=\"\" loading=\"lazy\" srcset=\"https:\/\/linitiative.ca\/International\/wp-content\/uploads\/sites\/23\/2022\/02\/16454782836102.jpg 312w, https:\/\/www.journalducameroun.com\/wp-content\/uploads\/2022\/02\/16454782836102-300x155.jpg 300w\" sizes=\"auto, (max-width: 312px) 100vw, 312px\"><\/p>\n<p>Les exportations marocaines, port\u00e9es par l&rsquo;am\u00e9lioration continue et la mont\u00e9e en force du \u00ab\u00a0made in Morocco\u00a0\u00bb, ont fait carton plein et ce, malgr\u00e9 les contraintes et les d\u00e9fis qu&rsquo;impose la pand\u00e9mie de Covid-19.Selon les statistiques de l&rsquo;Office des changes, les exportations marocaines ont culmin\u00e9 \u00e0 pr\u00e8s de 30,1 milliards d&rsquo;euros (327 milliards de dirhams) en 2021, affichant une croissance de 24,3% par rapport \u00e0 2020 et de 14,9% comparativement \u00e0 2019.<\/p>\n<p>Sans surprise, le secteur des phosphates et d\u00e9riv\u00e9s a \u00e9t\u00e9 la locomotive de ces exportations avec une hausse de 57,1%, tandis que l&rsquo;a\u00e9ronautique a renou\u00e9 avec la performance, signant une progression de 21,9%.<\/p>\n<p>De son c\u00f4t\u00e9, l&rsquo;automobile a vu ses exportations augmenter de 15,9% \u00e0 plus de 83,78 milliards de DH en 2021, gr\u00e2ce \u00e0 la demande ext\u00e9rieure adress\u00e9e \u00e0 la construction (+35,2%).<\/p>\n<p>S&rsquo;agissant des exportations en textile et cuir, elles se sont \u00e9lev\u00e9es \u00e0 plus de 36,38 milliards DH (+ 21,6%) alors que les exportations en agriculture et agro-alimentaire (+9,2%) ont d\u00e9pass\u00e9 68,37 milliards DH.<\/p>\n<p>Cet article <a rel=\"nofollow\" href=\"https:\/\/www.journalducameroun.com\/maroc-les-exportations-culminent-a-plus-de-30-milliards-deuros-en-2021\/\">Maroc: les exportations culminent \u00e0 plus de 30 milliards d\u2019euros en 2021<\/a> est apparu en premier sur <a rel=\"nofollow\" href=\"https:\/\/www.journalducameroun.com\/\">Journal du Cameroun<\/a>.<\/p>\n<\/div>\n<p>Auteur: APA News<br \/>\n<a href=\"https:\/\/www.journalducameroun.com\/maroc-les-exportations-culminent-a-plus-de-30-milliards-deuros-en-2021\/\">Cliquez ici pour lire l&rsquo;article depuis sa source.<\/a><\/p>\n","protected":false},"excerpt":{"rendered":"<p>Les exportations marocaines, port\u00e9es par l&rsquo;am\u00e9lioration continue et la mont\u00e9e en force du \u00ab\u00a0made in Morocco\u00a0\u00bb, ont fait carton plein et ce, malgr\u00e9 les contraintes et les d\u00e9fis qu&rsquo;impose la pand\u00e9mie de Covid-19.Selon les statistiques de l&rsquo;Office des changes, les exportations marocaines ont culmin\u00e9 \u00e0 pr\u00e8s de 30,1 milliards d&rsquo;euros (327 milliards de dirhams) en [&hellip;]<\/p>\n","protected":false},"author":1965,"featured_media":0,"comment_status":"closed","ping_status":"closed","sticky":false,"template":"","format":"standard","meta":{"fifu_image_url":"https:\/\/www.journalducameroun.com\/wp-content\/uploads\/2022\/02\/16454782836102.jpg","fifu_image_alt":"Maroc: les exportations culminent \u00e0 plus de 30 milliards d\u2019euros en 2021","footnotes":""},"categories":[73,82],"tags":[],"class_list":["post-141418","post","type-post","status-publish","format-standard","hentry","category-actualite","category-cameroun"],"_links":{"self":[{"href":"https:\/\/linitiative.ca\/International\/wp-json\/wp\/v2\/posts\/141418","targetHints":{"allow":["GET"]}}],"collection":[{"href":"https:\/\/linitiative.ca\/International\/wp-json\/wp\/v2\/posts"}],"about":[{"href":"https:\/\/linitiative.ca\/International\/wp-json\/wp\/v2\/types\/post"}],"author":[{"embeddable":true,"href":"https:\/\/linitiative.ca\/International\/wp-json\/wp\/v2\/users\/1965"}],"replies":[{"embeddable":true,"href":"https:\/\/linitiative.ca\/International\/wp-json\/wp\/v2\/comments?post=141418"}],"version-history":[{"count":0,"href":"https:\/\/linitiative.ca\/International\/wp-json\/wp\/v2\/posts\/141418\/revisions"}],"wp:attachment":[{"href":"https:\/\/linitiative.ca\/International\/wp-json\/wp\/v2\/media?parent=141418"}],"wp:term":[{"taxonomy":"category","embeddable":true,"href":"https:\/\/linitiative.ca\/International\/wp-json\/wp\/v2\/categories?post=141418"},{"taxonomy":"post_tag","embeddable":true,"href":"https:\/\/linitiative.ca\/International\/wp-json\/wp\/v2\/tags?post=141418"}],"curies":[{"name":"wp","href":"https:\/\/api.w.org\/{rel}","templated":true}]}}