{"id":141420,"date":"2022-02-21T17:18:03","date_gmt":"2022-02-21T22:18:03","guid":{"rendered":"https:\/\/linitiative.ca\/International\/le-maroc-et-israel-signent-un-accord-de-cooperation-economique-et-commerciale\/"},"modified":"2022-02-21T17:18:03","modified_gmt":"2022-02-21T22:18:03","slug":"le-maroc-et-israel-signent-un-accord-de-cooperation-economique-et-commerciale","status":"publish","type":"post","link":"https:\/\/linitiative.ca\/International\/le-maroc-et-israel-signent-un-accord-de-cooperation-economique-et-commerciale\/","title":{"rendered":"Le Maroc et Isra\u00ebl signent un accord de coop\u00e9ration \u00e9conomique et commerciale"},"content":{"rendered":"<div>\n<p><img decoding=\"async\" width=\"1600\" height=\"1000\" src=\"https:\/\/linitiative.ca\/International\/wp-content\/uploads\/sites\/23\/2022\/02\/16454818839947.jpg\" class=\"attachment-post-thumbnail size-post-thumbnail wp-post-image\" alt=\"\" loading=\"lazy\" srcset=\"https:\/\/linitiative.ca\/International\/wp-content\/uploads\/sites\/23\/2022\/02\/16454818839947.jpg 1600w, https:\/\/www.journalducameroun.com\/wp-content\/uploads\/2022\/02\/16454818839947-300x188.jpg 300w, https:\/\/www.journalducameroun.com\/wp-content\/uploads\/2022\/02\/16454818839947-1024x640.jpg 1024w, https:\/\/www.journalducameroun.com\/wp-content\/uploads\/2022\/02\/16454818839947-768x480.jpg 768w, https:\/\/www.journalducameroun.com\/wp-content\/uploads\/2022\/02\/16454818839947-1536x960.jpg 1536w, https:\/\/www.journalducameroun.com\/wp-content\/uploads\/2022\/02\/16454818839947-704x440.jpg 704w, https:\/\/www.journalducameroun.com\/wp-content\/uploads\/2022\/02\/16454818839947-600x375.jpg 600w\" sizes=\"auto, (max-width: 1600px) 100vw, 1600px\"><\/p>\n<p>Le Maroc et Isra\u00ebl ont sign\u00e9, lundi \u00e0 Rabat, un accord de coop\u00e9ration \u00e9conomique et commerciales avec pour ambition de quadrupler leurs \u00e9changes commerciaux en les portant \u00e0 plus de 500 millions de dollars par an.\u00a0\u00bbLe niveau d&rsquo;\u00e9changes \u00e9conomiques et commerciaux entre les deux pays, qui s&rsquo;\u00e9l\u00e8ve aujourd&rsquo;hui \u00e0 130 millions de dollars par an n&rsquo;est pas suffisant, il faut tr\u00e8s rapidement arriver \u00e0 500 millions de dollars par an, et m\u00eame aller au-del\u00e0\u00a0\u00bb, a d\u00e9clar\u00e9 la ministre isra\u00e9lienne de l&rsquo;Economie et de l&rsquo;Industrie, Mme Orna Barbivai \u00e0 la presse, suite \u00e0 la signature de cet accord avec son homologue marocain, Ryad Mezzour.<\/p>\n<p>L&rsquo;accord pr\u00e9voit notamment des discussions pour la cr\u00e9ation de zones industrielles qui permettront de concr\u00e9tiser la coop\u00e9ration Maroc-Isra\u00ebl-Etats-Unis dans le domaine du commerce et de l&rsquo;investissement et de faciliter l&rsquo;acc\u00e8s direct des marchandises produites dans ces zones au march\u00e9 am\u00e9ricain.<\/p>\n<p>Il pr\u00e9voit \u00e9galement de booster la coop\u00e9ration entre le secteur priv\u00e9 des deux pays et l&rsquo;\u00e9change d&rsquo;expertise dans le domaine de l&rsquo;innovation, selon Ryad Mezzour qui a \u00e9galement fait part des secteurs \u00e0 \u00ab\u00a0fort potentiel d&rsquo;investissement\u00a0\u00bb dont le secteur num\u00e9rique, l&rsquo;agroalimentaire, l&rsquo;automobile, l&rsquo;a\u00e9ronautique, les \u00e9nergies renouvelables et l&rsquo;industrie pharmaceutique.<\/p>\n<p>Selon la ministre isra\u00e9lienne, \u00ab\u00a0l&rsquo;accord de coop\u00e9ration \u00e9conomique est con\u00e7u pour favoriser la croissance \u00e9conomique et la prosp\u00e9rit\u00e9 d&rsquo;Isra\u00ebl et du Maroc. En travaillant ensemble, nous r\u00e9aliserons le potentiel \u00e9conomique latent des relations bilat\u00e9rales, augmenterons la port\u00e9e des \u00e9changes commerciaux et renforcerons la coop\u00e9ration technologique parall\u00e8lement au rapprochement entre les peuples\u00a0\u00bb, a-t-elle d\u00e9clar\u00e9.<\/p>\n<p>Pour rappel, la coop\u00e9ration entre le Maroc et Isra\u00ebl s&rsquo;est d\u00e9velopp\u00e9e de fa\u00e7on acc\u00e9l\u00e9r\u00e9e depuis le r\u00e9tablissement des relations diplomatiques entre les deux pays dans le cadre des accords d&rsquo;Abraham n\u00e9goci\u00e9s par les \u00c9tats-Unis \u00e0 la fin de 2020.<\/p>\n<p>Cet article <a rel=\"nofollow\" href=\"https:\/\/www.journalducameroun.com\/le-maroc-et-israel-signent-un-accord-de-cooperation-economique-et-commerciale\/\">Le Maroc et Isra\u00ebl signent un accord de coop\u00e9ration \u00e9conomique et commerciale<\/a> est apparu en premier sur <a rel=\"nofollow\" href=\"https:\/\/www.journalducameroun.com\/\">Journal du Cameroun<\/a>.<\/p>\n<\/div>\n<p>Auteur: APA News<br \/>\n<a href=\"https:\/\/www.journalducameroun.com\/le-maroc-et-israel-signent-un-accord-de-cooperation-economique-et-commerciale\/\">Cliquez ici pour lire l&rsquo;article depuis sa source.<\/a><\/p>\n","protected":false},"excerpt":{"rendered":"<p>Le Maroc et Isra\u00ebl ont sign\u00e9, lundi \u00e0 Rabat, un accord de coop\u00e9ration \u00e9conomique et commerciales avec pour ambition de quadrupler leurs \u00e9changes commerciaux en les portant \u00e0 plus de 500 millions de dollars par an.\u00a0\u00bbLe niveau d&rsquo;\u00e9changes \u00e9conomiques et commerciaux entre les deux pays, qui s&rsquo;\u00e9l\u00e8ve aujourd&rsquo;hui \u00e0 130 millions de dollars par an [&hellip;]<\/p>\n","protected":false},"author":1965,"featured_media":0,"comment_status":"closed","ping_status":"closed","sticky":false,"template":"","format":"standard","meta":{"fifu_image_url":"https:\/\/www.journalducameroun.com\/wp-content\/uploads\/2022\/02\/16454818839947.jpg","fifu_image_alt":"Le Maroc et Isra\u00ebl signent un accord de coop\u00e9ration \u00e9conomique et commerciale","footnotes":""},"categories":[73,82],"tags":[],"class_list":["post-141420","post","type-post","status-publish","format-standard","hentry","category-actualite","category-cameroun"],"_links":{"self":[{"href":"https:\/\/linitiative.ca\/International\/wp-json\/wp\/v2\/posts\/141420","targetHints":{"allow":["GET"]}}],"collection":[{"href":"https:\/\/linitiative.ca\/International\/wp-json\/wp\/v2\/posts"}],"about":[{"href":"https:\/\/linitiative.ca\/International\/wp-json\/wp\/v2\/types\/post"}],"author":[{"embeddable":true,"href":"https:\/\/linitiative.ca\/International\/wp-json\/wp\/v2\/users\/1965"}],"replies":[{"embeddable":true,"href":"https:\/\/linitiative.ca\/International\/wp-json\/wp\/v2\/comments?post=141420"}],"version-history":[{"count":0,"href":"https:\/\/linitiative.ca\/International\/wp-json\/wp\/v2\/posts\/141420\/revisions"}],"wp:attachment":[{"href":"https:\/\/linitiative.ca\/International\/wp-json\/wp\/v2\/media?parent=141420"}],"wp:term":[{"taxonomy":"category","embeddable":true,"href":"https:\/\/linitiative.ca\/International\/wp-json\/wp\/v2\/categories?post=141420"},{"taxonomy":"post_tag","embeddable":true,"href":"https:\/\/linitiative.ca\/International\/wp-json\/wp\/v2\/tags?post=141420"}],"curies":[{"name":"wp","href":"https:\/\/api.w.org\/{rel}","templated":true}]}}