{"id":141422,"date":"2022-02-21T08:12:51","date_gmt":"2022-02-21T13:12:51","guid":{"rendered":"https:\/\/linitiative.ca\/International\/filiere-cafe-vers-la-stagnation-de-la-production-en-2022\/"},"modified":"2022-02-21T08:12:51","modified_gmt":"2022-02-21T13:12:51","slug":"filiere-cafe-vers-la-stagnation-de-la-production-en-2022","status":"publish","type":"post","link":"https:\/\/linitiative.ca\/International\/filiere-cafe-vers-la-stagnation-de-la-production-en-2022\/","title":{"rendered":"Fili\u00e8re caf\u00e9\u00a0: vers la stagnation de la production en 2022"},"content":{"rendered":"<div>\n<p>C\u2019est parti pour une nouvelle campagne caf\u00e9i\u00e8re. Le ministre du Commerce, Luc Magloire Mbarga Atangana a proc\u00e9d\u00e9 le 16 f\u00e9vrier 2022, au lancement de la campagne caf\u00e9i\u00e8re 2021-2022, dans la ville de Melong, d\u00e9partement du Moungo, r\u00e9gion du Littoral. La c\u00e9r\u00e9monie qui s\u2019est tenue en pr\u00e9sence du ministre de l\u2019Agriculture et du d\u00e9veloppement rural (Minader), Gabriel Mbairob\u00e9, est une initiative de l\u2019Office national du cacao et du caf\u00e9 (Oncc).<\/p>\n<p><strong>Lire aussi<\/strong> : <strong><a href=\"https:\/\/ecomatin.net\/filiere-cacao-cafe-les-torrefacteurs-francais-veulent-aider-a-la-relance-du-cafe-camerounais\/\">Fili\u00e8re cacao &amp; caf\u00e9 : les torr\u00e9facteurs fran\u00e7ais veulent aider \u00e0 la relance du caf\u00e9 camerounais<\/a><\/strong><\/p>\n<p>Pour le compte de la campagne en cours, l\u2019on table sur une production stagnante. \u00ab La perspective objectivement c\u2019est au mieux la stagnation \u00e0 ce niveau de production avant d\u2019esp\u00e9rer dans deux-trois ans, une inflexion de la courbe baissi\u00e8re\u00bb, nous confie une source au Conseil interprofessionnel du cacao et du caf\u00e9 (Cicc).<\/p>\n<p><strong>Mauvaises performances<\/strong><\/p>\n<p>Ces perspectives d\u2019une stagnation dans la production du caf\u00e9 pour la campagne en cours peuvent \u00eatre mises en relation avec les r\u00e9sultats obtenus durant la campagne 2020-2021, qui n\u2019ont pas du tout \u00e9t\u00e9 favorables. En effet, le Cameroun a produit durant cette p\u00e9riode, 12\u00a0156 tonnes de caf\u00e9 destin\u00e9es \u00e0 la commercialisation, contre 24 691 tonnes lors de la campagne 2019-2020, soit une baisse de 12 535 tonnes en valeur absolue et 50,76% en valeur relative. De fa\u00e7on sp\u00e9cifique, l\u2019on a eu 11\u00a0744 474 tonnes de caf\u00e9 robusta commercialis\u00e9es contre 23 239 tonnes pour la campagne pr\u00e9c\u00e9dente. S\u2019agissant de l\u2019arabica, la production se chiffre \u00e0 411 787 tonnes contre 1 452 tonnes, l\u2019ann\u00e9e d\u2019avant.<\/p>\n<p><strong>Lire aussi<\/strong> : <strong><a href=\"https:\/\/ecomatin.net\/agriculture-un-programme-de-developpement-des-filieres-cacao-cafe-et-de-lacajou-en-gestation\/\">Agriculture : un programme de d\u00e9veloppement des fili\u00e8res cacao, caf\u00e9 et de l\u2019acajou en gestation<\/a><\/strong><\/p>\n<p>Une mauvaise performance justifi\u00e9e par le Conseil interprofessionnel du cacao et du caf\u00e9 (Cicc) par \u00ab la conjonction de plusieurs facteurs. Il s\u2019agit principalement, apprend-on, de la vieillesse et la faible productivit\u00e9 des vergers, le d\u00e9sint\u00e9ressement des jeunes en raison de la faible rentabilit\u00e9, la p\u00e9nibilit\u00e9 du travail et des offres plus lucratives dans d\u2019autres secteurs d\u2019activit\u00e9s\u2026\u00bb, rapporte le journal en ligne Investir au Cameroun.<\/p>\n<p><strong>Mesures de relance<\/strong><\/p>\n<p>La campagne caf\u00e9i\u00e8re 2021-2022 se donne donc pour objectif de contribuer \u00e0 relever les d\u00e9fis de la fili\u00e8re caf\u00e9 que sont notamment le faible niveau de la production et de la comp\u00e9titivit\u00e9, la cr\u00e9ation de la valeur ajout\u00e9e sur le caf\u00e9 produit localement. Pour se faire, plusieurs strat\u00e9gies de relance de la fili\u00e8re caf\u00e9 sont alors envisag\u00e9es\u00a0\u00a0\u00ab Le chef de l\u2019Etat a autoris\u00e9 un d\u00e9blocage de deux milliards de Fcfa pour payer les arri\u00e9r\u00e9s des ann\u00e9es ant\u00e9rieures aux p\u00e9pini\u00e9ristes \u00bb, explique le Minader, pour d\u00e9ployer la batterie de mesures mise en place par le gouvernement.<\/p>\n<p><strong>Lire aussi<\/strong> : <strong><a href=\"https:\/\/ecomatin.net\/cacao-cafe-un-guichet-producteur-de-62-milliards-pour-booster-la-filiere\/\">Cacao-caf\u00e9 : un guichet producteur de 6,2 milliards pour booster la fili\u00e8re<\/a><\/strong><\/p>\n<p>De plus, il est pr\u00e9vu que l\u2019Uccao (Union de coop\u00e9ratives de caf\u00e9 arabica de l\u2019Ouest) soit dot\u00e9e d\u00e8s, l\u2019an prochain d\u2019une cha\u00eene compl\u00e8te de torr\u00e9faction et de conditionnement du caf\u00e9. Le Minader continue de r\u00e9habiliter les champs semenciers, ce qui permettra de restaurer 14 000 hectares et de cr\u00e9er 94 000 hectares de plantation modernes en mettant \u00e0 la disposition des p\u00e9pini\u00e9ristes 13 000 tonnes de semences certifi\u00e9es de caf\u00e9 arabica et 96 millions de boutures de caf\u00e9 robusta. A ces mesures l\u2019on note aussi des mesures financi\u00e8res, avec notamment\u00a0la <a href=\"https:\/\/ecomatin.net\/cacao-cafe-un-guichet-producteur-de-62-milliards-pour-booster-la-filiere\/\">cr\u00e9ation du guichet unique du producteur d\u2019une enveloppe de 6,5 milliards.<\/a><\/p>\n<p>L\u2019article <a rel=\"nofollow\" href=\"https:\/\/ecomatin.net\/filiere-cafe-vers-la-stagnation-de-la-production-en-2022\/\">Fili\u00e8re caf\u00e9\u00a0: vers la stagnation de la production en 2022<\/a> est apparu en premier sur <a rel=\"nofollow\" href=\"https:\/\/ecomatin.net\/\">EcoMatin<\/a>.<\/p>\n<\/div>\n<p>Auteur: Cindy MBALA<br \/>\n<a href=\"https:\/\/ecomatin.net\/filiere-cafe-vers-la-stagnation-de-la-production-en-2022\/\">Cliquez ici pour lire l&rsquo;article depuis sa source.<\/a><\/p>\n","protected":false},"excerpt":{"rendered":"<p>C\u2019est parti pour une nouvelle campagne caf\u00e9i\u00e8re. Le ministre du Commerce, Luc Magloire Mbarga Atangana a proc\u00e9d\u00e9 le 16 f\u00e9vrier 2022, au lancement de la campagne caf\u00e9i\u00e8re 2021-2022, dans la ville de Melong, d\u00e9partement du Moungo, r\u00e9gion du Littoral. La c\u00e9r\u00e9monie qui s\u2019est tenue en pr\u00e9sence du ministre de l\u2019Agriculture et du d\u00e9veloppement rural (Minader), [&hellip;]<\/p>\n","protected":false},"author":1969,"featured_media":0,"comment_status":"closed","ping_status":"closed","sticky":false,"template":"","format":"standard","meta":{"fifu_image_url":"","fifu_image_alt":"","footnotes":""},"categories":[82,78],"tags":[],"class_list":["post-141422","post","type-post","status-publish","format-standard","hentry","category-cameroun","category-economie"],"_links":{"self":[{"href":"https:\/\/linitiative.ca\/International\/wp-json\/wp\/v2\/posts\/141422","targetHints":{"allow":["GET"]}}],"collection":[{"href":"https:\/\/linitiative.ca\/International\/wp-json\/wp\/v2\/posts"}],"about":[{"href":"https:\/\/linitiative.ca\/International\/wp-json\/wp\/v2\/types\/post"}],"author":[{"embeddable":true,"href":"https:\/\/linitiative.ca\/International\/wp-json\/wp\/v2\/users\/1969"}],"replies":[{"embeddable":true,"href":"https:\/\/linitiative.ca\/International\/wp-json\/wp\/v2\/comments?post=141422"}],"version-history":[{"count":0,"href":"https:\/\/linitiative.ca\/International\/wp-json\/wp\/v2\/posts\/141422\/revisions"}],"wp:attachment":[{"href":"https:\/\/linitiative.ca\/International\/wp-json\/wp\/v2\/media?parent=141422"}],"wp:term":[{"taxonomy":"category","embeddable":true,"href":"https:\/\/linitiative.ca\/International\/wp-json\/wp\/v2\/categories?post=141422"},{"taxonomy":"post_tag","embeddable":true,"href":"https:\/\/linitiative.ca\/International\/wp-json\/wp\/v2\/tags?post=141422"}],"curies":[{"name":"wp","href":"https:\/\/api.w.org\/{rel}","templated":true}]}}