{"id":141423,"date":"2022-02-21T08:40:27","date_gmt":"2022-02-21T13:40:27","guid":{"rendered":"https:\/\/linitiative.ca\/International\/le-directeur-de-lecole-pratique-dagriculture-de-binguela-ecroue-a-la-prison-de-kondengui\/"},"modified":"2022-02-21T08:40:27","modified_gmt":"2022-02-21T13:40:27","slug":"le-directeur-de-lecole-pratique-dagriculture-de-binguela-ecroue-a-la-prison-de-kondengui","status":"publish","type":"post","link":"https:\/\/linitiative.ca\/International\/le-directeur-de-lecole-pratique-dagriculture-de-binguela-ecroue-a-la-prison-de-kondengui\/","title":{"rendered":"Le directeur de l\u2019Ecole pratique d\u2019agriculture de Binguela \u00e9crou\u00e9 \u00e0 la prison de Kondengui"},"content":{"rendered":"<div>\n<p>En compagnie de trois de ses collaborateurs, le directeur de l\u2019Ecole pratique d\u2019agriculture de Binguela (EPAB), une \u00e9cole sous-tutelle de la Chambre d\u2019agriculture, des p\u00eaches, de l\u2019\u00e9levage et des for\u00eats (Capef), est sous les verrous depuis le vendredi 18 f\u00e9vrier 2022. L\u2019information de l\u2019embastillement de Roland Amougou Etogo, par ailleurs adjoint au maire de la commune de Mfou, a \u00e9t\u00e9 confirm\u00e9e \u00e0 Ecomatin le 21 f\u00e9vrier 2022 par des sources au sein de la Capef qui indiquent que \u00ab\u00a0les faits qui leur sont reproch\u00e9s sont ant\u00e9rieurs \u00e0 l\u2019arriv\u00e9e de l\u2019\u00e9quipe en place\u00a0\u00bb. Nos sources ne r\u00e9v\u00e8lent cependant pas ce dont il s\u2019agit exactement.<\/p>\n<p>Sauf que le fait pour les quatre mousquetaires de se retrouver dans les ge\u00f4les de Kondengui apr\u00e8s un passage devant le Tribunal criminel sp\u00e9cial (TCS) depuis le 16 f\u00e9vrier 2022 oriente les supputations vers des soup\u00e7ons d\u2019attouchements illicites sur l\u2019argent public. En effet, au terme de la loi N\u00b02011\/028 du 14 d\u00e9cembre 2011 portant cr\u00e9ation de cette juridiction d\u2019exception, celle-ci est principalement charg\u00e9e de la r\u00e9pression de la d\u00e9linquance financi\u00e8re dont se seraient rendus coupables les gestionnaires de cr\u00e9dits au Cameroun. En se r\u00e9f\u00e9rant aux dispositions de l\u2019article 2 de ce texte qui convoque a comp\u00e9tence du TCS pour conna\u00eetre des affaires de d\u00e9tournement de deniers publics dont le montant est d\u2019au moins 50 millions de FCFA, l\u2019on peut ais\u00e9ment comprendre la borne inf\u00e9rieure du pr\u00e9judice pr\u00e9sum\u00e9 caus\u00e9 par Roland Amougou Etogo aux finances publiques.<\/p>\n<p>A la Capef, la d\u00e9tention provisoire des quatre responsables de l\u2019EPAB pr\u00e9occupe en ce qu\u2019elle \u00e9tablit la vacance au moins au poste de directeur de cette \u00e9cole. Pour pallier ce vide, des sources internes indiquent que le pr\u00e9sident de cette chambre consulaire, Martin Paul Mindjos Momeny, dans sa posture de pr\u00e9sident du conseil de gestion de l\u2019EPAB, a d\u00e9cid\u00e9 d\u2019une r\u00e9union dite de crise au terme de laquelle sera certainement d\u00e9sign\u00e9 au moins un directeur par int\u00e9rim en attendant l\u2019issue de la proc\u00e9dure entam\u00e9e contre Roland Amougou Etogo.<\/p>\n<p>Pour rappel, l\u2019Ecole Pratique d\u2019Agriculture de Binguela (EPAB), a \u00e9t\u00e9 cr\u00e9\u00e9e en 1962 par l\u2019Etat du Cameroun. Elle est bas\u00e9e \u00e0 Binguela, une bourgade situ\u00e9e \u00e0 une trentaine de kilom\u00e8tres de Yaound\u00e9, sur l\u2019axe Yaound\u00e9-Ngoumou. Les postulants \u00e0 ses formations (classiques, itin\u00e9rantes et d\u2019incubation) de 3 mois \u00e0 2 ans doivent avoir au moins le Certificat d\u2019\u00e9tudes \u00e9l\u00e9mentaires (CEP).<\/p>\n<p>L\u2019article <a rel=\"nofollow\" href=\"https:\/\/ecomatin.net\/le-directeur-de-lecole-pratique-dagriculture-de-binguela-ecroue-a-la-prison-n-de-kondengui\/\">Le directeur de l\u2019Ecole pratique d\u2019agriculture de Binguela \u00e9crou\u00e9 \u00e0 la prison de Kondengui<\/a> est apparu en premier sur <a rel=\"nofollow\" href=\"https:\/\/ecomatin.net\/\">EcoMatin<\/a>.<\/p>\n<\/div>\n<p>Auteur: Bernard Bangda<br \/>\n<a href=\"https:\/\/ecomatin.net\/le-directeur-de-lecole-pratique-dagriculture-de-binguela-ecroue-a-la-prison-n-de-kondengui\/\">Cliquez ici pour lire l&rsquo;article depuis sa source.<\/a><\/p>\n","protected":false},"excerpt":{"rendered":"<p>En compagnie de trois de ses collaborateurs, le directeur de l\u2019Ecole pratique d\u2019agriculture de Binguela (EPAB), une \u00e9cole sous-tutelle de la Chambre d\u2019agriculture, des p\u00eaches, de l\u2019\u00e9levage et des for\u00eats (Capef), est sous les verrous depuis le vendredi 18 f\u00e9vrier 2022. L\u2019information de l\u2019embastillement de Roland Amougou Etogo, par ailleurs adjoint au maire de la [&hellip;]<\/p>\n","protected":false},"author":1969,"featured_media":0,"comment_status":"closed","ping_status":"closed","sticky":false,"template":"","format":"standard","meta":{"fifu_image_url":"","fifu_image_alt":"","footnotes":""},"categories":[82,78],"tags":[],"class_list":["post-141423","post","type-post","status-publish","format-standard","hentry","category-cameroun","category-economie"],"_links":{"self":[{"href":"https:\/\/linitiative.ca\/International\/wp-json\/wp\/v2\/posts\/141423","targetHints":{"allow":["GET"]}}],"collection":[{"href":"https:\/\/linitiative.ca\/International\/wp-json\/wp\/v2\/posts"}],"about":[{"href":"https:\/\/linitiative.ca\/International\/wp-json\/wp\/v2\/types\/post"}],"author":[{"embeddable":true,"href":"https:\/\/linitiative.ca\/International\/wp-json\/wp\/v2\/users\/1969"}],"replies":[{"embeddable":true,"href":"https:\/\/linitiative.ca\/International\/wp-json\/wp\/v2\/comments?post=141423"}],"version-history":[{"count":0,"href":"https:\/\/linitiative.ca\/International\/wp-json\/wp\/v2\/posts\/141423\/revisions"}],"wp:attachment":[{"href":"https:\/\/linitiative.ca\/International\/wp-json\/wp\/v2\/media?parent=141423"}],"wp:term":[{"taxonomy":"category","embeddable":true,"href":"https:\/\/linitiative.ca\/International\/wp-json\/wp\/v2\/categories?post=141423"},{"taxonomy":"post_tag","embeddable":true,"href":"https:\/\/linitiative.ca\/International\/wp-json\/wp\/v2\/tags?post=141423"}],"curies":[{"name":"wp","href":"https:\/\/api.w.org\/{rel}","templated":true}]}}