{"id":141425,"date":"2022-02-21T11:47:25","date_gmt":"2022-02-21T16:47:25","guid":{"rendered":"https:\/\/linitiative.ca\/International\/exploitation-miniere-le-ministre-des-mines-annule-le-protocole-dentente-entre-la-sonamines-et-le-chinois-crec-5\/"},"modified":"2022-02-21T11:47:25","modified_gmt":"2022-02-21T16:47:25","slug":"exploitation-miniere-le-ministre-des-mines-annule-le-protocole-dentente-entre-la-sonamines-et-le-chinois-crec-5","status":"publish","type":"post","link":"https:\/\/linitiative.ca\/International\/exploitation-miniere-le-ministre-des-mines-annule-le-protocole-dentente-entre-la-sonamines-et-le-chinois-crec-5\/","title":{"rendered":"Exploitation mini\u00e8re\u00a0: le ministre des Mines annule le protocole d\u2019entente entre la Sonamines et le chinois CREC 5"},"content":{"rendered":"<div>\n<p>Moins d\u2019une semaine apr\u00e8s sa signature, ce 21 f\u00e9vrier 2022, le ministre des Mines, de l\u2019Industrie et du D\u00e9veloppement technologique (Minmidt) a d\u00e9cid\u00e9 d\u2019annuler \u00ab\u00a0les sp\u00e9culations contenues dans M\u00e9morandum d\u2019entente (MoU) entre la Soci\u00e9t\u00e9 nationale des Mines (Sonamines) et le China Rail Way N\u00b05 Engineering Group Co, Ltd (CREC 5). Les accords conclus entre les deux entit\u00e9s portaient sur le d\u00e9veloppement, le financement et la mise en \u0153uvre des projets miniers et d\u2019industries connexes au Cameroun<strong>. <\/strong>Etaient vis\u00e9s par ce MoU, \u00ab\u00a0les travaux de recherche sur les prospects bauxitiques de Ngaoundal et de Makan dans la r\u00e9gion de l\u2019Adamaoua\u00a0\u00bb.<\/p>\n<p><strong>Lire aussi : <a href=\"https:\/\/ecomatin.net\/la-sonamines-veut-exploiter-les-gisements-de-bauxite-de-ngaoundal-et-makan\/\">La Sonamines veut exploiter les gisements de bauxite de Ngaoundal et Makan<\/a><\/strong><\/p>\n<p>Des sources au Minmidt ont indiqu\u00e9 \u00e0 EcoMatin que \u00ab\u00a0ce document est authentique, le ministre vient de le signer\u00a0\u00bb. Sur les raisons qui fondent l\u2019annulation de cet accord, le Minmidt invoque \u00ab\u00a0la violation de la l\u00e9gislation mini\u00e8re camerounaise en mati\u00e8re de d\u2019attribution des titres miniers, de conclusion et de signature de contrats, pr\u00e9contrats, conventions et autres accords portant administration et gestion des ressources min\u00e9rales du sous-sol camerounais, pr\u00e9rogatives exclusives de l\u2019Etat\u00a0\u00bb.<\/p>\n<p>A la Sonamines, Ecomatin s\u2019est entendu dire que \u00ab\u00a0l\u2019heure n\u2019\u00e9tait pas [encore] aux commentaires. Nous accusons r\u00e9ception de la nouvelle et nous allons certainement avoir des \u00e9changes avec le Minmidt pour aller dans le sens du respect de la l\u00e9gislation mini\u00e8re\u00a0\u00bb.<\/p>\n<p><strong>Lire aussi : <a href=\"https:\/\/ecomatin.net\/serges-herve-boyogueno-la-collecte-de-lor-pour-le-compte-de-letat-a-augmente-de-93-en-2021\/\">Serges Herv\u00e9 Boyogueno : \u00ab la collecte de l\u2019or pour le compte de l\u2019Etat a augment\u00e9 de 93% en 2021 \u00bb<\/a><\/strong><\/p>\n<p>En attendant, le d\u00e9bat enfle au sein des acteurs (observateurs et exploitants) du secteur. A l\u2019analyse des r\u00e9actions, plusieurs pensent qu\u2019\u00ab\u00a0un \u00e9change avec les cocontractants auraient permis d\u2019aplanir les asp\u00e9rit\u00e9s du MoU entre la Sonamines et CREC 5\u00a0\u00bb.<\/p>\n<p>Pour rappel, le vendredi 18 f\u00e9vrier 2022, le directeur g\u00e9n\u00e9ral de la Sonamines avait rendu public un communiqu\u00e9 faisant \u00e9tat de la signature d\u2019un MoU entre l\u2019entreprise publique qui g\u00e8re les int\u00e9r\u00eats de l\u2019Etat dans le secteur minier \u00e0 l\u2019exception des hydrocarbures et des substances des carri\u00e8res, et la CREC 5. C\u2019est cette entente que le Minmidt vient d\u2019annuler.<\/p>\n<p><strong>Lire aussi : <a href=\"https:\/\/ecomatin.net\/la-sonamines-adopte-un-budget-de-9611-milliards-pour12-2022\/\">La Sona<\/a><\/strong><a href=\"https:\/\/ecomatin.net\/la-sonamines-adopte-un-budget-de-9611-milliards-pour12-2022\/\"><strong>mines adopte un budget de 9,611 milliards pour 2022<\/strong><\/a><\/p>\n<p>L\u2019article <a rel=\"nofollow\" href=\"https:\/\/ecomatin.net\/exploitation-miniere-le-ministre-des-mines-annule-le-protocole-dentente-entre-la-sonamines-et-le-chinois-crec-5\/\">Exploitation mini\u00e8re\u00a0: le ministre des Mines annule le protocole d\u2019entente entre la Sonamines et le chinois CREC 5<\/a> est apparu en premier sur <a rel=\"nofollow\" href=\"https:\/\/ecomatin.net\/\">EcoMatin<\/a>.<\/p>\n<\/div>\n<p>Auteur: Bernard Bangda<br \/>\n<a href=\"https:\/\/ecomatin.net\/exploitation-miniere-le-ministre-des-mines-annule-le-protocole-dentente-entre-la-sonamines-et-le-chinois-crec-5\/\">Cliquez ici pour lire l&rsquo;article depuis sa source.<\/a><\/p>\n","protected":false},"excerpt":{"rendered":"<p>Moins d\u2019une semaine apr\u00e8s sa signature, ce 21 f\u00e9vrier 2022, le ministre des Mines, de l\u2019Industrie et du D\u00e9veloppement technologique (Minmidt) a d\u00e9cid\u00e9 d\u2019annuler \u00ab\u00a0les sp\u00e9culations contenues dans M\u00e9morandum d\u2019entente (MoU) entre la Soci\u00e9t\u00e9 nationale des Mines (Sonamines) et le China Rail Way N\u00b05 Engineering Group Co, Ltd (CREC 5). Les accords conclus entre les [&hellip;]<\/p>\n","protected":false},"author":1969,"featured_media":0,"comment_status":"closed","ping_status":"closed","sticky":false,"template":"","format":"standard","meta":{"fifu_image_url":"","fifu_image_alt":"","footnotes":""},"categories":[82,78],"tags":[],"class_list":["post-141425","post","type-post","status-publish","format-standard","hentry","category-cameroun","category-economie"],"_links":{"self":[{"href":"https:\/\/linitiative.ca\/International\/wp-json\/wp\/v2\/posts\/141425","targetHints":{"allow":["GET"]}}],"collection":[{"href":"https:\/\/linitiative.ca\/International\/wp-json\/wp\/v2\/posts"}],"about":[{"href":"https:\/\/linitiative.ca\/International\/wp-json\/wp\/v2\/types\/post"}],"author":[{"embeddable":true,"href":"https:\/\/linitiative.ca\/International\/wp-json\/wp\/v2\/users\/1969"}],"replies":[{"embeddable":true,"href":"https:\/\/linitiative.ca\/International\/wp-json\/wp\/v2\/comments?post=141425"}],"version-history":[{"count":0,"href":"https:\/\/linitiative.ca\/International\/wp-json\/wp\/v2\/posts\/141425\/revisions"}],"wp:attachment":[{"href":"https:\/\/linitiative.ca\/International\/wp-json\/wp\/v2\/media?parent=141425"}],"wp:term":[{"taxonomy":"category","embeddable":true,"href":"https:\/\/linitiative.ca\/International\/wp-json\/wp\/v2\/categories?post=141425"},{"taxonomy":"post_tag","embeddable":true,"href":"https:\/\/linitiative.ca\/International\/wp-json\/wp\/v2\/tags?post=141425"}],"curies":[{"name":"wp","href":"https:\/\/api.w.org\/{rel}","templated":true}]}}