{"id":141429,"date":"2022-02-22T07:00:01","date_gmt":"2022-02-22T12:00:01","guid":{"rendered":"https:\/\/linitiative.ca\/International\/renaissance-une-exposition-de-rajae-lahlou-promouvant-lespoir-et-loptimisme\/"},"modified":"2022-02-22T07:00:01","modified_gmt":"2022-02-22T12:00:01","slug":"renaissance-une-exposition-de-rajae-lahlou-promouvant-lespoir-et-loptimisme","status":"publish","type":"post","link":"https:\/\/linitiative.ca\/International\/renaissance-une-exposition-de-rajae-lahlou-promouvant-lespoir-et-loptimisme\/","title":{"rendered":"\u00abRenaissance\u00bb, une exposition de Rajae Lahlou promouvant l\u2019espoir et l\u2019optimisme"},"content":{"rendered":"<div>\n<p><img loading=\"lazy\" decoding=\"async\" width=\"300\" height=\"153\" src=\"https:\/\/linitiative.ca\/International\/wp-content\/uploads\/sites\/23\/2022\/02\/A-la-Galerie-Living-4-Art-300x153-1.jpg\" class=\"attachment-medium size-medium wp-post-image\" alt=\"\" srcset=\"https:\/\/linitiative.ca\/International\/wp-content\/uploads\/sites\/23\/2022\/02\/A-la-Galerie-Living-4-Art-300x153-1.jpg 300w, https:\/\/aujourdhui.ma\/wp-content\/uploads\/2022\/02\/A-la-Galerie-Living-4-Art-274x140.jpg 274w, https:\/\/aujourdhui.ma\/wp-content\/uploads\/2022\/02\/A-la-Galerie-Living-4-Art.jpg 746w, https:\/\/aujourdhui.ma\/wp-content\/uploads\/2022\/02\/A-la-Galerie-Living-4-Art-165x84.jpg 165w, https:\/\/aujourdhui.ma\/wp-content\/uploads\/2022\/02\/A-la-Galerie-Living-4-Art-702x358.jpg 702w\" sizes=\"auto, (max-width: 300px) 100vw, 300px\"><\/p>\n<p><strong><span style=\"color: #800000;\">A la Galerie Living 4 Art<\/span> de Casablanca<\/strong><span id=\"more-400475\"><\/span><\/p>\n<p>L\u2019exposition \u00abRenaissance\u00bb de Rajae Lahlou, dont le vernissage a \u00e9t\u00e9 donn\u00e9 samedi \u00e0 la Galerie Living 4 Art de Casablanca, est un appel \u00e0 l\u2019espoir et l\u2019optimisme.<br \/>\nLes \u0153uvres expos\u00e9es jusqu\u2019au 23 mars sont, \u00e0 l\u2019instar de bien d\u2019autres, un voyage, une sorte de p\u00e8lerinage qui permet de se retrouver avec soi-m\u00eame, et de voir au plus profond de son \u00e2me.<br \/>\nSelon la galerie, l\u2019artiste aspire \u00e0 travers cette exposition \u00e0 montrer le chemin menant vers le nouvel essor et ce, en d\u00e9pit des \u00e9checs et des p\u00e9riodes de crise, en mettant l\u2019accent sur la conviction et la foi qui permettent \u00e0 l\u2019Homme de rena\u00eetre de ses cendres tel un ph\u0153nix et de repartir de z\u00e9ro.<br \/>\nDans une d\u00e9claration \u00e0 la presse, l\u2019artiste chevronn\u00e9e a soulign\u00e9 que l\u2019exposition \u00abRenaissance\u00bb tend dans son essence \u00e0 promouvoir l\u2019espoir vu qu\u2019on peut toujours saisir une deuxi\u00e8me chance dans la vie et avoir un nouveau d\u00e9part, notant que l\u2019exposition est un appel \u00e0 promouvoir la vie et l\u2019optimisme et bannir le pessimisme et la r\u00e9signation.<br \/>\nL\u2019objectif est de diffuser la joie et la s\u00e9r\u00e9nit\u00e9, notamment en ces temps difficiles dict\u00e9s par la pand\u00e9mie de coronavirus, a-t-elle poursuivi, relevant que cette exposition o\u00f9 on constate une forte pr\u00e9sence de la femme s\u2019inscrit en droite ligne avec l\u2019esprit de son exposition \u00abMiroir de l\u2019\u00e2me\u00bb.<\/p>\n<p>L\u2019exposition serait ainsi synonyme d\u2019espoir, la conviction d\u2019avoir un futur meilleur, explique la Galerie Living 4 Art, notant qu\u2019en choisissant d\u2019emprunter ce sentier, l\u2019on peut finalement voir la lumi\u00e8re au bout du tunnel.<br \/>\nLes \u0153uvres de l\u2019artiste Rajae Lahlou sont profond\u00e9ment imbib\u00e9es par cette notion de renouveau et de seconde chance et les silhouettes figurant en pr\u00e9pond\u00e9rance dans les \u0153uvres expos\u00e9es sont une repr\u00e9sentation symbolique des choix que doivent faire les personnes pour aller de l\u2019avant et essayer de laisser le pass\u00e9 derri\u00e8re elles.<\/p>\n<p><strong>Reportage photos de Chafik Arich<\/strong><\/p>\n<div class=\"mom_images_grid mom_images_3_cols\">\n<ul class=\"galleryslider\">\n<li class=\"first\"><a href=\"https:\/\/aujourdhui.ma\/wp-content\/uploads\/2022\/02\/A-la-Galerie-Living-4-Art-1.jpg\" data-title=\"\" title=\"A-la-Galerie-Living-4-Art\"><img decoding=\"async\" alt=\"A-la-Galerie-Living-4-Art\" src=\"https:\/\/linitiative.ca\/International\/wp-content\/uploads\/sites\/23\/2022\/02\/A-la-Galerie-Living-4-Art-1-746x380-1.jpg\"><\/a><\/li>\n<li class=\"\"><a href=\"https:\/\/aujourdhui.ma\/wp-content\/uploads\/2022\/02\/A-la-Galerie-Living-4-art-f.jpg\" data-title=\"\" title=\"A-la-Galerie-Living-4-art-f\"><img decoding=\"async\" alt=\"A-la-Galerie-Living-4-art-f\" src=\"https:\/\/linitiative.ca\/International\/wp-content\/uploads\/sites\/23\/2022\/02\/A-la-Galerie-Living-4-art-f-746x380-1.jpg\"><\/a><\/li>\n<li class=\"last\"><a href=\"https:\/\/aujourdhui.ma\/wp-content\/uploads\/2022\/02\/A-la-Galerie-Living-4-art-s.jpg\" data-title=\"\" title=\"A-la-Galerie-Living-4-art-s\"><img decoding=\"async\" alt=\"A-la-Galerie-Living-4-art-s\" src=\"https:\/\/linitiative.ca\/International\/wp-content\/uploads\/sites\/23\/2022\/02\/A-la-Galerie-Living-4-art-s-746x380-1.jpg\"><\/a><\/li>\n<li class=\"first\"><a href=\"https:\/\/aujourdhui.ma\/wp-content\/uploads\/2022\/02\/A-la-Galerie-Living-4-Art-ss.jpg\" data-title=\"\" title=\"A-la-Galerie-Living-4-Art-ss\"><img decoding=\"async\" alt=\"A-la-Galerie-Living-4-Art-ss\" src=\"https:\/\/linitiative.ca\/International\/wp-content\/uploads\/sites\/23\/2022\/02\/A-la-Galerie-Living-4-Art-ss-746x380-1.jpg\"><\/a><\/li>\n<li class=\"\"><a href=\"https:\/\/aujourdhui.ma\/wp-content\/uploads\/2022\/02\/A-la-Galerie-Living-4-Art-x.jpg\" data-title=\"\" title=\"A-la-Galerie-Living-4-Art-x\"><img decoding=\"async\" alt=\"A-la-Galerie-Living-4-Art-x\" src=\"https:\/\/linitiative.ca\/International\/wp-content\/uploads\/sites\/23\/2022\/02\/A-la-Galerie-Living-4-Art-x-746x380-1.jpg\"><\/a><\/li>\n<li class=\"last\"><a href=\"https:\/\/aujourdhui.ma\/wp-content\/uploads\/2022\/02\/A-la-Galerie-Living-4-Art-xx.jpg\" data-title=\"\" title=\"A-la-Galerie-Living-4-Art-xx\"><img decoding=\"async\" alt=\"A-la-Galerie-Living-4-Art-xx\" src=\"https:\/\/linitiative.ca\/International\/wp-content\/uploads\/sites\/23\/2022\/02\/A-la-Galerie-Living-4-Art-xx-746x380-1.jpg\"><\/a><\/li>\n<\/ul>\n<\/div>\n<\/div>\n<p>Auteur: ALM<br \/>\n<a href=\"https:\/\/aujourdhui.ma\/culture\/renaissance-une-exposition-de-rajae-lahlou-promouvant-lespoir-et-loptimisme\">Cliquez ici pour lire l&rsquo;article depuis sa source.<\/a><\/p>\n","protected":false},"excerpt":{"rendered":"<p>A la Galerie Living 4 Art de Casablanca L\u2019exposition \u00abRenaissance\u00bb de Rajae Lahlou, dont le vernissage a \u00e9t\u00e9 donn\u00e9 samedi \u00e0 la Galerie Living 4 Art de Casablanca, est un appel \u00e0 l\u2019espoir et l\u2019optimisme. Les \u0153uvres expos\u00e9es jusqu\u2019au 23 mars sont, \u00e0 l\u2019instar de bien d\u2019autres, un voyage, une sorte de p\u00e8lerinage qui permet [&hellip;]<\/p>\n","protected":false},"author":1759,"featured_media":0,"comment_status":"closed","ping_status":"closed","sticky":false,"template":"","format":"standard","meta":{"fifu_image_url":"https:\/\/aujourdhui.ma\/wp-content\/uploads\/2022\/02\/A-la-Galerie-Living-4-Art-300x153.jpg","fifu_image_alt":"\u00abRenaissance\u00bb, une exposition de Rajae Lahlou promouvant l\u2019espoir et l\u2019optimisme","footnotes":""},"categories":[73,54],"tags":[],"class_list":["post-141429","post","type-post","status-publish","format-standard","hentry","category-actualite","category-maroc"],"_links":{"self":[{"href":"https:\/\/linitiative.ca\/International\/wp-json\/wp\/v2\/posts\/141429","targetHints":{"allow":["GET"]}}],"collection":[{"href":"https:\/\/linitiative.ca\/International\/wp-json\/wp\/v2\/posts"}],"about":[{"href":"https:\/\/linitiative.ca\/International\/wp-json\/wp\/v2\/types\/post"}],"author":[{"embeddable":true,"href":"https:\/\/linitiative.ca\/International\/wp-json\/wp\/v2\/users\/1759"}],"replies":[{"embeddable":true,"href":"https:\/\/linitiative.ca\/International\/wp-json\/wp\/v2\/comments?post=141429"}],"version-history":[{"count":0,"href":"https:\/\/linitiative.ca\/International\/wp-json\/wp\/v2\/posts\/141429\/revisions"}],"wp:attachment":[{"href":"https:\/\/linitiative.ca\/International\/wp-json\/wp\/v2\/media?parent=141429"}],"wp:term":[{"taxonomy":"category","embeddable":true,"href":"https:\/\/linitiative.ca\/International\/wp-json\/wp\/v2\/categories?post=141429"},{"taxonomy":"post_tag","embeddable":true,"href":"https:\/\/linitiative.ca\/International\/wp-json\/wp\/v2\/tags?post=141429"}],"curies":[{"name":"wp","href":"https:\/\/api.w.org\/{rel}","templated":true}]}}