{"id":141437,"date":"2022-02-22T07:33:16","date_gmt":"2022-02-22T12:33:16","guid":{"rendered":"https:\/\/linitiative.ca\/International\/le-pain-a-base-de-farine-de-ble-tendre-maintenu-a-son-prix-actuel\/"},"modified":"2022-02-22T07:33:16","modified_gmt":"2022-02-22T12:33:16","slug":"le-pain-a-base-de-farine-de-ble-tendre-maintenu-a-son-prix-actuel","status":"publish","type":"post","link":"https:\/\/linitiative.ca\/International\/le-pain-a-base-de-farine-de-ble-tendre-maintenu-a-son-prix-actuel\/","title":{"rendered":"Le pain \u00e0 base de farine de bl\u00e9 tendre maintenu \u00e0 son prix actuel"},"content":{"rendered":"<div>\n<p><img loading=\"lazy\" decoding=\"async\" width=\"300\" height=\"153\" src=\"https:\/\/linitiative.ca\/International\/wp-content\/uploads\/sites\/23\/2022\/02\/Pain-300x153-1.jpg\" class=\"attachment-medium size-medium wp-post-image\" alt=\"\" srcset=\"https:\/\/linitiative.ca\/International\/wp-content\/uploads\/sites\/23\/2022\/02\/Pain-300x153-1.jpg 300w, https:\/\/aujourdhui.ma\/wp-content\/uploads\/2022\/02\/Pain-274x140.jpg 274w, https:\/\/aujourdhui.ma\/wp-content\/uploads\/2022\/02\/Pain.jpg 746w, https:\/\/aujourdhui.ma\/wp-content\/uploads\/2022\/02\/Pain-165x84.jpg 165w, https:\/\/aujourdhui.ma\/wp-content\/uploads\/2022\/02\/Pain-702x358.jpg 702w\" sizes=\"auto, (max-width: 300px) 100vw, 300px\"><\/p>\n<p><span style=\"font-size: 20px; color: #800000;\"><strong>Le prix du pain ordinaire \u00e0 base de farine de bl\u00e9 tendre n\u2019a connu aucune \u00e9volution et reste \u00e0 son niveau actuel, soit 1,2 dirham\/unit\u00e9, a rassur\u00e9, mardi, le minist\u00e8re de l\u2019Economie et des finances.<\/strong> <\/span><span id=\"more-400500\"><\/span><\/p>\n<p>\u00ab\u00a0Dans le cadre de l\u2019int\u00e9r\u00eat que porte le gouvernement \u00e0 la protection du pouvoir d\u2019achat des citoyens et dans le contexte de la hausse continue des prix des mati\u00e8res premi\u00e8res sur les march\u00e9s mondiaux, et comme affirm\u00e9 pr\u00e9c\u00e9demment, plusieurs mesures ont \u00e9t\u00e9 prises pour limiter les effets de ces augmentations sur les prix de certains produits de consommation et de leurs d\u00e9riv\u00e9s sur le march\u00e9 int\u00e9rieur\u00a0\u00bb, indique le minist\u00e8re dans un communiqu\u00e9. Ces mesures, malgr\u00e9 leur co\u00fbt sur le budget de l\u2019\u00c9tat, consistent \u00e0 continuer de subventionner les prix de la farine nationale de bl\u00e9 tendre, du sucre et du gaz butane, en plus de la suspension des taxes douani\u00e8res sur l\u2019importation du bl\u00e9 tendre, du bl\u00e9 dur et des l\u00e9gumineuses, fait savoir la m\u00eame source.<\/p>\n<p>S\u2019agissant du bl\u00e9 tendre, qui constitue environ 80% de la consommation nationale de l\u2019ensemble des types de c\u00e9r\u00e9ales, et dont une partie des besoins nationaux est couverte par l\u2019importation, le gouvernement, en plus de la suspension \u00e0 compter du 1er novembre 2021, des taxes douani\u00e8res qui s\u2019\u00e9levaient \u00e0 135%, a accord\u00e9 une indemnit\u00e9 forfaitaire sur les importations de ce produit de 83 dirhams\/quintal import\u00e9 durant la p\u00e9riode allant de novembre 2021 \u00e0 f\u00e9vrier 2022. Ces mesures ont permis de maintenir les prix de la farine de bl\u00e9 tendre \u00e0 leurs niveaux actuels et par cons\u00e9quent, de pr\u00e9server la stabilit\u00e9 du prix du pain ordinaire \u00e0 base de farine de bl\u00e9 tendre.<\/p>\n<\/div>\n<p>Auteur: ALM<br \/>\n<a href=\"https:\/\/aujourdhui.ma\/economie\/le-pain-a-base-de-farine-de-ble-tendre-maintenu-a-son-prix-actuel\">Cliquez ici pour lire l&rsquo;article depuis sa source.<\/a><\/p>\n","protected":false},"excerpt":{"rendered":"<p>Le prix du pain ordinaire \u00e0 base de farine de bl\u00e9 tendre n\u2019a connu aucune \u00e9volution et reste \u00e0 son niveau actuel, soit 1,2 dirham\/unit\u00e9, a rassur\u00e9, mardi, le minist\u00e8re de l\u2019Economie et des finances. \u00ab\u00a0Dans le cadre de l\u2019int\u00e9r\u00eat que porte le gouvernement \u00e0 la protection du pouvoir d\u2019achat des citoyens et dans le [&hellip;]<\/p>\n","protected":false},"author":1759,"featured_media":0,"comment_status":"closed","ping_status":"closed","sticky":false,"template":"","format":"standard","meta":{"fifu_image_url":"https:\/\/aujourdhui.ma\/wp-content\/uploads\/2022\/02\/Pain-300x153.jpg","fifu_image_alt":"Le pain \u00e0 base de farine de bl\u00e9 tendre maintenu \u00e0 son prix actuel","footnotes":""},"categories":[73,54],"tags":[],"class_list":["post-141437","post","type-post","status-publish","format-standard","hentry","category-actualite","category-maroc"],"_links":{"self":[{"href":"https:\/\/linitiative.ca\/International\/wp-json\/wp\/v2\/posts\/141437","targetHints":{"allow":["GET"]}}],"collection":[{"href":"https:\/\/linitiative.ca\/International\/wp-json\/wp\/v2\/posts"}],"about":[{"href":"https:\/\/linitiative.ca\/International\/wp-json\/wp\/v2\/types\/post"}],"author":[{"embeddable":true,"href":"https:\/\/linitiative.ca\/International\/wp-json\/wp\/v2\/users\/1759"}],"replies":[{"embeddable":true,"href":"https:\/\/linitiative.ca\/International\/wp-json\/wp\/v2\/comments?post=141437"}],"version-history":[{"count":0,"href":"https:\/\/linitiative.ca\/International\/wp-json\/wp\/v2\/posts\/141437\/revisions"}],"wp:attachment":[{"href":"https:\/\/linitiative.ca\/International\/wp-json\/wp\/v2\/media?parent=141437"}],"wp:term":[{"taxonomy":"category","embeddable":true,"href":"https:\/\/linitiative.ca\/International\/wp-json\/wp\/v2\/categories?post=141437"},{"taxonomy":"post_tag","embeddable":true,"href":"https:\/\/linitiative.ca\/International\/wp-json\/wp\/v2\/tags?post=141437"}],"curies":[{"name":"wp","href":"https:\/\/api.w.org\/{rel}","templated":true}]}}