{"id":141439,"date":"2022-02-22T09:00:26","date_gmt":"2022-02-22T14:00:26","guid":{"rendered":"https:\/\/linitiative.ca\/International\/ahmed-lahkim-un-parcours-politique-et-une-expertise-averee\/"},"modified":"2022-02-22T09:00:26","modified_gmt":"2022-02-22T14:00:26","slug":"ahmed-lahkim-un-parcours-politique-et-une-expertise-averee","status":"publish","type":"post","link":"https:\/\/linitiative.ca\/International\/ahmed-lahkim-un-parcours-politique-et-une-expertise-averee\/","title":{"rendered":"Ahmed Lahkim, un parcours  politique et une expertise av\u00e9r\u00e9e"},"content":{"rendered":"<div>\n<p><img loading=\"lazy\" decoding=\"async\" width=\"300\" height=\"153\" src=\"https:\/\/linitiative.ca\/International\/wp-content\/uploads\/sites\/23\/2022\/02\/Ahmed-Lahkim-Pt-UDLEF-et-expert-en-aeCC81ronautique-300x153-1.jpg\" class=\"attachment-medium size-medium wp-post-image\" alt=\"\" srcset=\"https:\/\/linitiative.ca\/International\/wp-content\/uploads\/sites\/23\/2022\/02\/Ahmed-Lahkim-Pt-UDLEF-et-expert-en-aeCC81ronautique-300x153-1.jpg 300w, https:\/\/aujourdhui.ma\/wp-content\/uploads\/2022\/02\/Ahmed-Lahkim-Pt-UDLEF-et-expert-en-ae\u0301ronautique-274x140.jpg 274w, https:\/\/aujourdhui.ma\/wp-content\/uploads\/2022\/02\/Ahmed-Lahkim-Pt-UDLEF-et-expert-en-ae\u0301ronautique.jpg 746w, https:\/\/aujourdhui.ma\/wp-content\/uploads\/2022\/02\/Ahmed-Lahkim-Pt-UDLEF-et-expert-en-ae\u0301ronautique-165x84.jpg 165w, https:\/\/aujourdhui.ma\/wp-content\/uploads\/2022\/02\/Ahmed-Lahkim-Pt-UDLEF-et-expert-en-ae\u0301ronautique-702x358.jpg 702w\" sizes=\"auto, (max-width: 300px) 100vw, 300px\"><\/p>\n<p><span style=\"font-size: 20px; color: #800000;\"><strong>Dipl\u00f4m\u00e9 de l\u2019Ecole Nationale Sup\u00e9rieure de l\u2019A\u00e9ronautique et de l\u2019Espace Toulouse (SUPAERO), l\u2019homme a plus de 25 ans d\u2019exp\u00e9rience professionnelle dans l\u2019univers de l\u2019a\u00e9ronautique. Il est \u00e9galement d\u00e9tenteur d\u2019un dipl\u00f4me d\u00e9livr\u00e9 par l\u2019Ecole Sup\u00e9rieure des Techniques A\u00e9rospatiales Paris.<\/strong> <\/span><span id=\"more-400502\"><\/span><\/p>\n<p><span style=\"color: #ff0000;\">A 59 ans, l\u2019expert en a\u00e9ronautique est pr\u00e9sident de l\u2019UDLEF (Union d\u00e9mocratique pour la libert\u00e9, \u00e9galit\u00e9 et fraternit\u00e9). A quelques mois des pr\u00e9sidentielles fran\u00e7aises, il annonce clairement son soutien \u00e0 Emmanuel Macron pour sa candidature aux \u00e9lections 2022. Mais le natif de Safi est loin d\u2019oublier ses origines. Au contraire, pour lui, le pont devra \u00eatre renforc\u00e9 par la mobilisation des comp\u00e9tences entre les deux rives dans un cadre win-win. Parcours d\u2019un homme humble, aux multiples facettes.<\/span><\/p>\n<p>La campagne pr\u00e9sidentielle fran\u00e7aise de 2022 renvoie aussi \u00e0 une diaspora marocaine engag\u00e9e -dans les deux sens-. Le parti politique UDLEF (Union d\u00e9mocratique pour la libert\u00e9, \u00e9galit\u00e9, fraternit\u00e9), pr\u00e9sid\u00e9 par Ahmed Lahkim, en est une parfaite d\u00e9monstration. L\u2019homme politique est expert en a\u00e9ronautique et enseigne dans les plus prestigieuses universit\u00e9s en France et aux Etats-Unis. Aujourd\u2019hui, il annonce, clairement, son soutien au pr\u00e9sident de la R\u00e9publique Emmanuel Macron dans sa candidature aux prochaines \u00e9lections.<\/p>\n<p>Pour le politologue, \u00able gouvernement de M. Emmanuel Macron a port\u00e9 des r\u00e9formes courageuses et des initiatives int\u00e9ressantes m\u00eame si la mise en place de ces derni\u00e8res a \u00e9t\u00e9 impact\u00e9e par la pand\u00e9mie. Le pr\u00e9sident Macron incarne, par ailleurs, le changement d\u2019engagement politique, la vision pour changer l\u2019Europe pour que la France soit plus forte dans une Europe qui allie humanit\u00e9 croissance et paix\u00bb.<br \/>\nDans sa verve, l\u2019homme n\u2019omettra pas ses origines. D\u2019ailleurs, il se sent compl\u00e8tement investi d\u2019un devoir nationaliste profond qui pourrait se traduire par la connexion facilit\u00e9e par la diaspora marocaine aux quatre coins du monde. L\u2019homme ne rentre pas dans les d\u00e9tails mais le franc-parler rappelle les discours souverains en lien avec la valorisation du capital humain o\u00f9 qu\u2019il soit.<\/p>\n<p>Dipl\u00f4m\u00e9 de l\u2019Ecole nationale sup\u00e9rieure de l\u2019a\u00e9ronautique et de l\u2019Espace Toulouse (SUPAERO), l\u2019homme a plus de 25 ans d\u2019exp\u00e9rience professionnelle dans l\u2019univers de l\u2019a\u00e9ronautique. Il est \u00e9galement d\u00e9tenteur d\u2019un dipl\u00f4me d\u00e9livr\u00e9 par l\u2019Ecole sup\u00e9rieure des techniques a\u00e9rospatiales Paris. Il a aussi suivi un cursus \u00e0 l\u2019Ecole des hautes \u00e9tudes industrielles Lille. Son parcours d\u2019expert en a\u00e9ronautique s\u2019est vu enrichi par des formations sup\u00e9rieures en sciences politiques et en management, \u00e0 Sciences Po Paris (IEP), \u00e0 l\u2019Ecole des hautes \u00e9tudes commerciales Paris (HEC) et \u00e0 l\u2019University of St. Andrews (Change Management) United Kingdom.<br \/>\nPr\u00e9cis\u00e9ment, ses d\u00e9buts, il les a faits dans la recherche en collaborant au projet alerte satellitaire avanc\u00e9e. Il rejoint \u00e0 Seattle l\u2019avionneur Boeing Company, au sein de l\u2019\u00e9quipe sp\u00e9cialis\u00e9e dans l\u2019engineering des conceptions des avions commerciaux nouvelle g\u00e9n\u00e9ration (B737NG et B787 Dreamliner).<\/p>\n<p>L\u2019homme occupe, aujourd\u2019hui, des fonctions manag\u00e9riales dans une compagnie a\u00e9rienne. Parall\u00e8lement, Ahmed Lahkim est conf\u00e9rencier aupr\u00e8s d\u2019universit\u00e9s am\u00e9ricaines et d\u2019\u00e9coles d\u2019ing\u00e9nieurs fran\u00e7aises. A 59 ans, le parti politique fran\u00e7ais qu\u2019il a cr\u00e9\u00e9 (UDLEF) compte plus de 26.000 adh\u00e9rents. Et il compte bien militer aux c\u00f4t\u00e9s de l\u2019actuel pr\u00e9sident de la R\u00e9publique fran\u00e7aise pour plusieurs raisons. L\u2019homme est convaincu que \u00abla France a besoin de stabilit\u00e9 et de continuit\u00e9 des r\u00e9formes engag\u00e9es\u00bb. Pour lui, \u00abla gauche de l\u2019\u00e9chiquier politique avec la multiplicit\u00e9 des candidatures r\u00e9v\u00e8le un manque de pr\u00e9paration dont r\u00e9sulte une cacophonie. Sur le flanc droit, la recherche du tout s\u00e9curitaire et de la division est un plaidoyer pour le repli sur soi pouss\u00e9 \u00e0 l\u2019extr\u00eame\u00bb. Son analyse se r\u00e9sumerait ainsi.<\/p>\n<p>Et c\u2019est pourquoi les membres de l\u2019UDLEF sont convaincus que \u00abla candidature de M. Emmanuel Macron \u00e0 la pr\u00e9sidence en 2022 est le meilleur atout pour la France qui devra relever de nombreux d\u00e9fis : la protection de nos libert\u00e9s, la s\u00e9curit\u00e9 de nos citoyennes et citoyens, la d\u00e9fense des plus vuln\u00e9rables, le regain de comp\u00e9titivit\u00e9, l\u2019am\u00e9lioration de notre syst\u00e8me de sant\u00e9, l\u2019acc\u00e8s au savoir et \u00e0 la culture, l\u2019acc\u00e9l\u00e9ration de la protection de l\u2019environnement et la transition \u00e9cologique et le renforcement de notre place en Europe et dans le monde\u00bb.<\/p>\n<p>Tout est dit. Le compte \u00e0 rebours a commenc\u00e9. En attendant, l\u2019homme continue \u00absa croisade\u00bb et multiplie ses visites dans d\u2019autres pays car les connexions sont aussi au Moyen-Orient\u2026 La g\u00e9ostrat\u00e9gie n\u2019a plus de secret pour lui.<\/p>\n<\/div>\n<p>Auteur: Dounia Essabban<br \/>\n<a href=\"https:\/\/aujourdhui.ma\/politique\/ahmed-lahkim-un-parcours-politique-et-une-expertise-averee\">Cliquez ici pour lire l&rsquo;article depuis sa source.<\/a><\/p>\n","protected":false},"excerpt":{"rendered":"<p>Dipl\u00f4m\u00e9 de l\u2019Ecole Nationale Sup\u00e9rieure de l\u2019A\u00e9ronautique et de l\u2019Espace Toulouse (SUPAERO), l\u2019homme a plus de 25 ans d\u2019exp\u00e9rience professionnelle dans l\u2019univers de l\u2019a\u00e9ronautique. Il est \u00e9galement d\u00e9tenteur d\u2019un dipl\u00f4me d\u00e9livr\u00e9 par l\u2019Ecole Sup\u00e9rieure des Techniques A\u00e9rospatiales Paris. A 59 ans, l\u2019expert en a\u00e9ronautique est pr\u00e9sident de l\u2019UDLEF (Union d\u00e9mocratique pour la libert\u00e9, \u00e9galit\u00e9 et [&hellip;]<\/p>\n","protected":false},"author":1759,"featured_media":0,"comment_status":"closed","ping_status":"closed","sticky":false,"template":"","format":"standard","meta":{"fifu_image_url":"https:\/\/aujourdhui.ma\/wp-content\/uploads\/2022\/02\/Ahmed-Lahkim-Pt-UDLEF-et-expert-en-ae\u0301ronautique-300x153.jpg","fifu_image_alt":"Ahmed Lahkim, un parcours  politique et une expertise av\u00e9r\u00e9e","footnotes":""},"categories":[73,54],"tags":[],"class_list":["post-141439","post","type-post","status-publish","format-standard","hentry","category-actualite","category-maroc"],"_links":{"self":[{"href":"https:\/\/linitiative.ca\/International\/wp-json\/wp\/v2\/posts\/141439","targetHints":{"allow":["GET"]}}],"collection":[{"href":"https:\/\/linitiative.ca\/International\/wp-json\/wp\/v2\/posts"}],"about":[{"href":"https:\/\/linitiative.ca\/International\/wp-json\/wp\/v2\/types\/post"}],"author":[{"embeddable":true,"href":"https:\/\/linitiative.ca\/International\/wp-json\/wp\/v2\/users\/1759"}],"replies":[{"embeddable":true,"href":"https:\/\/linitiative.ca\/International\/wp-json\/wp\/v2\/comments?post=141439"}],"version-history":[{"count":0,"href":"https:\/\/linitiative.ca\/International\/wp-json\/wp\/v2\/posts\/141439\/revisions"}],"wp:attachment":[{"href":"https:\/\/linitiative.ca\/International\/wp-json\/wp\/v2\/media?parent=141439"}],"wp:term":[{"taxonomy":"category","embeddable":true,"href":"https:\/\/linitiative.ca\/International\/wp-json\/wp\/v2\/categories?post=141439"},{"taxonomy":"post_tag","embeddable":true,"href":"https:\/\/linitiative.ca\/International\/wp-json\/wp\/v2\/tags?post=141439"}],"curies":[{"name":"wp","href":"https:\/\/api.w.org\/{rel}","templated":true}]}}