{"id":141447,"date":"2022-02-21T13:00:00","date_gmt":"2022-02-21T18:00:00","guid":{"rendered":"https:\/\/linitiative.ca\/International\/clap-de-fin-pour-la-6eme-edition\/"},"modified":"2022-02-21T13:00:00","modified_gmt":"2022-02-21T18:00:00","slug":"clap-de-fin-pour-la-6eme-edition","status":"publish","type":"post","link":"https:\/\/linitiative.ca\/International\/clap-de-fin-pour-la-6eme-edition\/","title":{"rendered":"Clap de fin pour la 6\u00e8me \u00e9dition"},"content":{"rendered":"<div>\n<p class=\"has-text-align-center has-vivid-cyan-blue-color has-text-color\"><strong>Mada\u00ebf Eco6<\/strong>\u00a0\u00a0\u00a0\u00a0\u00a0\u00a0\u00a0\u00a0<\/p>\n<p class=\"has-text-align-left has-black-color has-text-color\"><strong>La 6\u00e8me \u00e9dition de Mada\u00ebf Eco6, plac\u00e9e sous le signe de la dynamisation de l\u2019entrepreneuriat et du d\u00e9veloppement des \u00e9cosyst\u00e8mes touristiques, signe son clap de fin \u00e0 F\u00e8s avec la r\u00e9v\u00e9lation de 10 nouveaux laur\u00e9ats.\u00a0 \u00ab\u00a0Mada\u00ebf d\u00e9voile la liste des 10 laur\u00e9ats de l\u2019\u00e9dition Mada\u00ebf Eco6 d\u00e9di\u00e9e \u00e0 la destination F\u00e8s. Le programme aura ainsi cl\u00f4tur\u00e9 ses 6 \u00e9ditions \u2018Taghazout Bay\u2019, \u2018Mada\u00ebf Golfs\u2019, \u2018Sa\u00efdia Resorts\u2019, \u2018Tamuda Bay\u2019, \u2018Al Hoceima\u2019 et enfin \u2018F\u00e8s \u2018, au titre d\u2019une ann\u00e9e marqu\u00e9e par un franc succ\u00e8s aupr\u00e8s de porteurs de projets nationaux mais \u00e9galement des partenaires du programme ainsi que des op\u00e9rateurs du secteur. Pas moins de 600 candidatures re\u00e7ues, depuis son lancement en octobre 2020, avec un total de 75 laur\u00e9ats retenus toutes \u00e9ditions confondues\u00a0\u00bb, indique Mada\u00ebf dans un communiqu\u00e9.<\/strong><\/p>\n<p class=\"has-text-align-left has-black-color has-text-color\">Confirmant sa port\u00e9e r\u00e9solument socio-\u00e9conomique, le programme a s\u00e9lectionn\u00e9 28 projets d\u2019animation culturelle, de loisirs et d\u2019activit\u00e9s sportives, 16 coop\u00e9ratives, 14 projets de valorisation de l\u2019arri\u00e8re-pays et d\u2019autres types de projets, tous \u00e0 forte valeur ajout\u00e9e pour des destinations touristiques strat\u00e9giques pour Mada\u00ebf.<br \/>Mada\u00ebf Eco6 conforte son ancrage local \u00e0 travers chacune de ses \u00e9ditions, avec 90% de laur\u00e9ats locaux respectivement sur les \u00e9ditions F\u00e8s et Sa\u00efdia Resorts et plus de 70% sur les \u00e9ditions Tamuda Bay et Al Hoceima. L\u2019entrepreneuriat f\u00e9minin est \u00e9galement \u00e0 l\u2019honneur avec 30% des projets port\u00e9s par des femmes.<br \/>Pour acc\u00e9l\u00e9rer le d\u00e9ploiement de ces projets, Mada\u00ebf Eco6 organisera prochainement une journ\u00e9e d\u2019\u00e9tude avec l\u2019ensemble des laur\u00e9ats, toutes \u00e9ditions confondues. A la cl\u00e9, le d\u00e9marrage d\u2019un programme d\u2019accompagnement intensif et, in fine, la cr\u00e9ation du \u00ab\u00a0Club Eco6\u00a0\u00bb, un r\u00e9seau de porteurs de projets qui permettra aux laur\u00e9ats de d\u00e9velopper des synergies au sein du programme et d\u2019explorer de nouveaux territoires d\u2019expression. Au terme de cet \u00e9v\u00e9nement, une annonce sera faite concernant l\u2019\u00e9volution du programme. Toujours dans le m\u00eame objectif de dynamisation de l\u2019entrepreneuriat et de d\u00e9veloppement d\u2019\u00e9cosyst\u00e8mes touristiques, Mada\u00ebf Eco6 sera de retour, d\u00e8s cette ann\u00e9e, sous un format diff\u00e9rent et s\u2019ouvrira \u00e0 de nouveaux partenaires institutionnels.<\/p>\n<p class=\"has-text-align-left has-black-color has-text-color\">Zoom sur l\u2019\u00e9dition F\u00e8s :<\/p>\n<p class=\"has-text-align-left has-black-color has-text-color\">Au total 16 candidatures pr\u00e9s\u00e9lectionn\u00e9es, sur pr\u00e8s de 50 re\u00e7ues, ont \u00e9t\u00e9 soumises \u00e0 un jury, compos\u00e9 des principaux partenaires de l\u2019\u00e9dition de F\u00e8s: Centre R\u00e9gional d\u2019Investissement F\u00e8s-Mekn\u00e8s, D\u00e9l\u00e9gation R\u00e9gionale du Tourisme, CIH Bank, Fin\u00e9a, des repr\u00e9sentants de Mada\u00ebf ainsi que des h\u00f4teliers de la r\u00e9gion. Apr\u00e8s d\u00e9lib\u00e9rations, le jury a retenu 10 projets, dont 9 originaires de la F\u00e8s et sa r\u00e9gion, en lien avec les 6 univers de l\u2019\u00e9dition \u00e0 savoir la valorisation du patrimoine historique, les animations et loisirs, les services aux unit\u00e9s h\u00f4teli\u00e8res et golfs, la valorisation de l\u2019artisanat, du terroir et des arts culinaires, les \u00e9vents corporate et de groupe, ainsi que la valorisation de l\u2019arri\u00e8re-pays.<\/p>\n<p class=\"has-text-align-left has-black-color has-text-color\">Les projets laur\u00e9ats de l\u2019\u00e9dition F\u00e8s du programme Mada\u00ebf Eco6 sont :\u00a0 \u2013 Yto : art\/artisanat de poup\u00e9es traditionnelles<br \/>\u2013 Barok : valorisation des produits artisanaux marocains<br \/>\u2013 Ahmed Bennani Studio : arts plastique (peinture, sculpture)<br \/>\u2013 Stone Art : valorisation d\u2019ouvrage en pierre s\u00e9l\u00e9nite<br \/>\u2013 Coop\u00e9rative Riham : valorisation des produits du terroir<br \/>\u2013 Betamiel : valorisation des produits du terroir (miel)<br \/>\u2013 Pogo : mobilit\u00e9 \u00e9lectrique<br \/>\u2013 Yalla Bike : d\u00e9couverte\/mobilit\u00e9 douce<br \/>\u2013 Bio et Bois : activit\u00e9s de loisirs<br \/>\u2013 Fez\u2019teaVal : lancement d\u2019un nouveau festival \u00e0 F\u00e8s<br \/>Mada\u00ebf est une soci\u00e9t\u00e9 leader de l\u2019investissement touristique au Maroc. Mada\u00ebf met \u00e0 profit sa connaissance du secteur pour le d\u00e9veloppement et l\u2019exploitation d\u2019actifs touristiques, contribuant fortement \u00e0 l\u2019\u00e9mergence de nouvelles destinations touristiques, au renforcement de la capacit\u00e9 d\u2019accueil et \u00e0 la mont\u00e9e en gamme de l\u2019offre touristique nationale.\u00a0<\/p>\n<p>L\u2019article <a rel=\"nofollow\" href=\"http:\/\/albayane.press.ma\/clap-de-fin-pour-la-6eme-edition.html\">Clap de fin pour la 6\u00e8me \u00e9dition<\/a> est apparu en premier sur <a rel=\"nofollow\" href=\"http:\/\/albayane.press.ma\/\">ALBAYANE<\/a>.<\/p>\n<\/div>\n<p>Auteur: M&rsquo;hammed rahal<br \/>\n<a href=\"http:\/\/albayane.press.ma\/clap-de-fin-pour-la-6eme-edition.html\">Cliquez ici pour lire l&rsquo;article depuis sa source.<\/a><\/p>\n","protected":false},"excerpt":{"rendered":"<p>Mada\u00ebf Eco6\u00a0\u00a0\u00a0\u00a0\u00a0\u00a0\u00a0\u00a0 La 6\u00e8me \u00e9dition de Mada\u00ebf Eco6, plac\u00e9e sous le signe de la dynamisation de l\u2019entrepreneuriat et du d\u00e9veloppement des \u00e9cosyst\u00e8mes touristiques, signe son clap de fin \u00e0 F\u00e8s avec la r\u00e9v\u00e9lation de 10 nouveaux laur\u00e9ats.\u00a0 \u00ab\u00a0Mada\u00ebf d\u00e9voile la liste des 10 laur\u00e9ats de l\u2019\u00e9dition Mada\u00ebf Eco6 d\u00e9di\u00e9e \u00e0 la destination F\u00e8s. Le programme [&hellip;]<\/p>\n","protected":false},"author":1760,"featured_media":0,"comment_status":"closed","ping_status":"closed","sticky":false,"template":"","format":"standard","meta":{"fifu_image_url":"","fifu_image_alt":"","footnotes":""},"categories":[73,54],"tags":[],"class_list":["post-141447","post","type-post","status-publish","format-standard","hentry","category-actualite","category-maroc"],"_links":{"self":[{"href":"https:\/\/linitiative.ca\/International\/wp-json\/wp\/v2\/posts\/141447","targetHints":{"allow":["GET"]}}],"collection":[{"href":"https:\/\/linitiative.ca\/International\/wp-json\/wp\/v2\/posts"}],"about":[{"href":"https:\/\/linitiative.ca\/International\/wp-json\/wp\/v2\/types\/post"}],"author":[{"embeddable":true,"href":"https:\/\/linitiative.ca\/International\/wp-json\/wp\/v2\/users\/1760"}],"replies":[{"embeddable":true,"href":"https:\/\/linitiative.ca\/International\/wp-json\/wp\/v2\/comments?post=141447"}],"version-history":[{"count":0,"href":"https:\/\/linitiative.ca\/International\/wp-json\/wp\/v2\/posts\/141447\/revisions"}],"wp:attachment":[{"href":"https:\/\/linitiative.ca\/International\/wp-json\/wp\/v2\/media?parent=141447"}],"wp:term":[{"taxonomy":"category","embeddable":true,"href":"https:\/\/linitiative.ca\/International\/wp-json\/wp\/v2\/categories?post=141447"},{"taxonomy":"post_tag","embeddable":true,"href":"https:\/\/linitiative.ca\/International\/wp-json\/wp\/v2\/tags?post=141447"}],"curies":[{"name":"wp","href":"https:\/\/api.w.org\/{rel}","templated":true}]}}