{"id":141448,"date":"2022-02-21T13:00:00","date_gmt":"2022-02-21T18:00:00","guid":{"rendered":"https:\/\/linitiative.ca\/International\/hilale-denonce-lenrolement-militaire-des-enfants-par-le-polisario\/"},"modified":"2022-02-21T13:00:00","modified_gmt":"2022-02-21T18:00:00","slug":"hilale-denonce-lenrolement-militaire-des-enfants-par-le-polisario","status":"publish","type":"post","link":"https:\/\/linitiative.ca\/International\/hilale-denonce-lenrolement-militaire-des-enfants-par-le-polisario\/","title":{"rendered":"Hilale d\u00e9nonce l\u2019enr\u00f4lement militaire des enfants par le \u00ab polisario \u00bb"},"content":{"rendered":"<div>\n<p class=\"has-text-align-center has-vivid-red-color has-text-color\"><strong>Devant les \u00e9tudiants de l\u2019Universit\u00e9 de Harvard<\/strong><\/p>\n<p class=\"has-black-color has-text-color\"><strong>L\u2019ambassadeur, Repr\u00e9sentant permanent du Maroc aupr\u00e8s de l\u2019ONU, Omar Hilale, a \u00e9t\u00e9, jeudi, l\u2019invit\u00e9 d\u2019honneur \u00e0 une conf\u00e9rence organis\u00e9e par l\u2019Universit\u00e9 de Harvard-Boston, \u00e0 l\u2019initiative du collectif des Marocains \u00e9tudiants de Harvard Kennedy School et du Massachusetts Institute of Technology (MIT).<\/strong><\/p>\n<p class=\"has-black-color has-text-color\">M. Hilale a saisi cette occasion pour attirer l\u2019attention des participants \u00e0 cette conf\u00e9rence, sur l\u2019une des pires formes de violations des droits de l\u2019Homme perp\u00e9tr\u00e9es contre les populations s\u00e9questr\u00e9es dans les camps de Tindouf, en l\u2019occurrence l\u2019enr\u00f4lement militaire des enfants.<\/p>\n<p class=\"has-black-color has-text-color\">Il a, dans ce sens, lanc\u00e9 un appel pour la mobilisation des \u00e9tudiants, par-del\u00e0 les Marocains au sein de l\u2019Universit\u00e9 de Harvard, mais \u00e9galement \u00e0 l\u2019ensemble des universitaires am\u00e9ricains, afin de joindre leur voix \u00e0 celles des acteurs internationaux, pour demander l\u2019arr\u00eat de l\u2019enr\u00f4lement militaire des enfants de Tindouf et exiger leur retour aux bancs des \u00e9coles comme tous les enfants du monde.<\/p>\n<p class=\"has-black-color has-text-color\">\u00abL\u2019Universit\u00e9 est un lieu de militance et d\u2019engagement pour sensibiliser aux nobles causes et aux valeurs fondamentales des droits de l\u2019homme\u00bb a d\u00e9clar\u00e9 M. Hilale, en soulignant que \u00ables conditions inhumaines que vivent les enfants de Tindouf ne doivent pas les laisser indiff\u00e9rents\u00bb.<\/p>\n<p class=\"has-black-color has-text-color\">Il a \u00e9galement fait observer que \u00abla question de l\u2019enr\u00f4lement militaire des enfants dans les camps de Tindouf pr\u00e9occupe profond\u00e9ment le Maroc et la communaut\u00e9 internationale en g\u00e9n\u00e9ral\u00bb, en exposant des photos de jeunes enfants en treillis militaire, portant des armes dans des parades et s\u2019entrainant militairement dans les camps de Tindouf.<\/p>\n<p class=\"has-black-color has-text-color\">A cet \u00e9gard, il a attir\u00e9 l\u2019attention de l\u2019audience sur la gravit\u00e9 de l\u2019assujettissement de ces enfants \u00e0 l\u2019endoctrinement fanatique et \u00e0 l\u2019entra\u00eenement militaire, et ce, en violation flagrante des conventions des droits de l\u2019Homme, des conventions des droits de l\u2019enfant, des r\u00e9solutions du Conseil de S\u00e9curit\u00e9 et de plusieurs d\u00e9clarations internationales.<\/p>\n<p class=\"has-black-color has-text-color\">La connivence du polisario avec les groupes terroristes dans la r\u00e9gion sah\u00e9lo-saharienne est av\u00e9r\u00e9e, mettant en \u00e9vidence \u00abla responsabilit\u00e9 internationale directe de l\u2019Alg\u00e9rie, car cet enr\u00f4lement militaire forc\u00e9 des enfants se d\u00e9roule sur son territoire\u00bb, a d\u00e9nonc\u00e9 M. Hilale.<\/p>\n<p class=\"has-black-color has-text-color\">Durant cette conf\u00e9rence, plusieurs jeunes universitaires ont exprim\u00e9 leur indignation face \u00e0 l\u2019enr\u00f4lement militaire de ces enfants, leur exploitation et leur implication dans ce conflit, soulignant qu\u2019il s\u2019agit d\u2019une pratique qui devrait \u00eatre condamn\u00e9e par la communaut\u00e9 internationale. Ils se sont \u00e9galement interrog\u00e9s sur le devenir des enfants endoctrin\u00e9s militairement et l\u2019impact de cet enr\u00f4lement, dans le prolongement du conflit artificiel entretenu sur le Sahara marocain.<\/p>\n<p class=\"has-black-color has-text-color\">Par ailleurs, l\u2019ambassadeur Hilale a mis en relief les priorit\u00e9s du Maroc \u00e0 l\u2019ONU en mati\u00e8re de d\u00e9veloppement durable et de maintien de la Paix.<\/p>\n<p class=\"has-black-color has-text-color\">\u00abLe Maroc, sous le leadership \u00e9clair\u00e9 de Sa Majest\u00e9 le Roi Mohammed VI, est fort de sa conviction en faveur des questions multidisciplinaires du d\u00e9veloppement durable, de l\u2019action climatique et de la transition \u00e9nerg\u00e9tique, notamment \u00e0 travers la coop\u00e9ration Sud-Sud et triangulaire\u00bb, a-t-il indiqu\u00e9 en soulignant l\u2019importance de pr\u00e9parer la prochaine g\u00e9n\u00e9ration de d\u00e9cideurs \u00e0 s\u2019impliquer activement dans cette trajectoire de d\u00e9veloppement national.<\/p>\n<p class=\"has-black-color has-text-color\">S\u2019agissant des missions de maintien de la paix, le diplomate a indiqu\u00e9 que le Royaume s\u2019est investi depuis 1960 dans le maintien et la construction de la paix en contribuant \u00e0 plusieurs op\u00e9rations de maintien de la paix (OMP) particuli\u00e8rement en Afrique.<\/p>\n<p class=\"has-black-color has-text-color\">\u201cLe Maroc fait partie du Top 12 des pays contributeurs de troupes et de police. Dans ce cadre, la Mission permanente du Maroc \u00e0 New York agit \u00e9galement en tant que coordinateur du Groupe du Mouvement des pays non align\u00e9s pour les op\u00e9rations de maintien de la paix, qui est le plus grand contributeur au maintien de la paix de l\u2019ONU avec plus de 90% des effectifs\u201d a-t-il soulign\u00e9.<\/p>\n<p class=\"has-black-color has-text-color\">Cette conf\u00e9rence se voulait une plate-forme interactive pour connecter les universitaires de Harvard, et de MIT, ainsi que ceux de la r\u00e9gion \u00e9largie de Boston, avec la Mission Permanente du Royaume du Maroc \u00e0 New York et d\u2019\u00e9changer autour des priorit\u00e9s de la diplomatie marocaine au sein des Nations Unies et sur la sc\u00e8ne multilat\u00e9rale.<\/p>\n<p class=\"has-black-color has-text-color\">Elle s\u2019inscrit dans une s\u00e9rie de rencontres intitul\u00e9e \u00abMoroccan Forum Discussion Series\u00bb que le collectif des Marocains \u00e9tudiants de Harvard Kennedy School et du Massachusetts Institute of Technology (MIT) organise avec plusieurs responsables publiques et meneurs d\u2019opinion, cr\u00e9ant ainsi un espace collaboratif et interactif autour de sujets d\u2019int\u00e9r\u00eat pour les futures g\u00e9n\u00e9rations de dirigeants sur un large \u00e9ventail de disciplines.<\/p>\n<p>L\u2019article <a rel=\"nofollow\" href=\"http:\/\/albayane.press.ma\/hilale-denonce-lenrolement-militaire-des-enfants-par-le-polisario.html\">Hilale d\u00e9nonce l\u2019enr\u00f4lement militaire des enfants par le \u00ab polisario \u00bb<\/a> est apparu en premier sur <a rel=\"nofollow\" href=\"http:\/\/albayane.press.ma\/\">ALBAYANE<\/a>.<\/p>\n<\/div>\n<p>Auteur: M&rsquo;hammed rahal<br \/>\n<a href=\"http:\/\/albayane.press.ma\/hilale-denonce-lenrolement-militaire-des-enfants-par-le-polisario.html\">Cliquez ici pour lire l&rsquo;article depuis sa source.<\/a><\/p>\n","protected":false},"excerpt":{"rendered":"<p>Devant les \u00e9tudiants de l\u2019Universit\u00e9 de Harvard L\u2019ambassadeur, Repr\u00e9sentant permanent du Maroc aupr\u00e8s de l\u2019ONU, Omar Hilale, a \u00e9t\u00e9, jeudi, l\u2019invit\u00e9 d\u2019honneur \u00e0 une conf\u00e9rence organis\u00e9e par l\u2019Universit\u00e9 de Harvard-Boston, \u00e0 l\u2019initiative du collectif des Marocains \u00e9tudiants de Harvard Kennedy School et du Massachusetts Institute of Technology (MIT). M. Hilale a saisi cette occasion pour [&hellip;]<\/p>\n","protected":false},"author":1760,"featured_media":0,"comment_status":"closed","ping_status":"closed","sticky":false,"template":"","format":"standard","meta":{"fifu_image_url":"","fifu_image_alt":"","footnotes":""},"categories":[73,54],"tags":[],"class_list":["post-141448","post","type-post","status-publish","format-standard","hentry","category-actualite","category-maroc"],"_links":{"self":[{"href":"https:\/\/linitiative.ca\/International\/wp-json\/wp\/v2\/posts\/141448","targetHints":{"allow":["GET"]}}],"collection":[{"href":"https:\/\/linitiative.ca\/International\/wp-json\/wp\/v2\/posts"}],"about":[{"href":"https:\/\/linitiative.ca\/International\/wp-json\/wp\/v2\/types\/post"}],"author":[{"embeddable":true,"href":"https:\/\/linitiative.ca\/International\/wp-json\/wp\/v2\/users\/1760"}],"replies":[{"embeddable":true,"href":"https:\/\/linitiative.ca\/International\/wp-json\/wp\/v2\/comments?post=141448"}],"version-history":[{"count":0,"href":"https:\/\/linitiative.ca\/International\/wp-json\/wp\/v2\/posts\/141448\/revisions"}],"wp:attachment":[{"href":"https:\/\/linitiative.ca\/International\/wp-json\/wp\/v2\/media?parent=141448"}],"wp:term":[{"taxonomy":"category","embeddable":true,"href":"https:\/\/linitiative.ca\/International\/wp-json\/wp\/v2\/categories?post=141448"},{"taxonomy":"post_tag","embeddable":true,"href":"https:\/\/linitiative.ca\/International\/wp-json\/wp\/v2\/tags?post=141448"}],"curies":[{"name":"wp","href":"https:\/\/api.w.org\/{rel}","templated":true}]}}