{"id":141450,"date":"2022-02-22T06:00:00","date_gmt":"2022-02-22T11:00:00","guid":{"rendered":"https:\/\/linitiative.ca\/International\/des-plus-values-a-mieux-valoriser\/"},"modified":"2022-02-22T06:00:00","modified_gmt":"2022-02-22T11:00:00","slug":"des-plus-values-a-mieux-valoriser","status":"publish","type":"post","link":"https:\/\/linitiative.ca\/International\/des-plus-values-a-mieux-valoriser\/","title":{"rendered":"Des plus-values \u00e0 mieux valoriser"},"content":{"rendered":"<div>Le Premier ministre avait d\u00e9j\u00e0 \u00e9voqu\u00e9 l\u2019intention du gouvernement de s\u2019appuyer sur le Fonds de r\u00e9gulation des recettes (FRR) pour couvrir en partie le d\u00e9ficit budg\u00e9taire.<\/div>\n<p>Auteur:<br \/>\n<a href=\"https:\/\/www.liberte-algerie.com\/economie\/des-plus-values-a-mieux-valoriser-373762\">Cliquez ici pour lire l&rsquo;article depuis sa source.<\/a><\/p>\n","protected":false},"excerpt":{"rendered":"<p>Le Premier ministre avait d\u00e9j\u00e0 \u00e9voqu\u00e9 l\u2019intention du gouvernement de s\u2019appuyer sur le Fonds de r\u00e9gulation des recettes (FRR) pour couvrir en partie le d\u00e9ficit budg\u00e9taire. Auteur: Cliquez ici pour lire l&rsquo;article depuis sa source.<\/p>\n","protected":false},"author":1742,"featured_media":0,"comment_status":"closed","ping_status":"closed","sticky":false,"template":"","format":"standard","meta":{"fifu_image_url":"","fifu_image_alt":"","footnotes":""},"categories":[73,53],"tags":[],"class_list":["post-141450","post","type-post","status-publish","format-standard","hentry","category-actualite","category-algerie"],"_links":{"self":[{"href":"https:\/\/linitiative.ca\/International\/wp-json\/wp\/v2\/posts\/141450","targetHints":{"allow":["GET"]}}],"collection":[{"href":"https:\/\/linitiative.ca\/International\/wp-json\/wp\/v2\/posts"}],"about":[{"href":"https:\/\/linitiative.ca\/International\/wp-json\/wp\/v2\/types\/post"}],"author":[{"embeddable":true,"href":"https:\/\/linitiative.ca\/International\/wp-json\/wp\/v2\/users\/1742"}],"replies":[{"embeddable":true,"href":"https:\/\/linitiative.ca\/International\/wp-json\/wp\/v2\/comments?post=141450"}],"version-history":[{"count":0,"href":"https:\/\/linitiative.ca\/International\/wp-json\/wp\/v2\/posts\/141450\/revisions"}],"wp:attachment":[{"href":"https:\/\/linitiative.ca\/International\/wp-json\/wp\/v2\/media?parent=141450"}],"wp:term":[{"taxonomy":"category","embeddable":true,"href":"https:\/\/linitiative.ca\/International\/wp-json\/wp\/v2\/categories?post=141450"},{"taxonomy":"post_tag","embeddable":true,"href":"https:\/\/linitiative.ca\/International\/wp-json\/wp\/v2\/tags?post=141450"}],"curies":[{"name":"wp","href":"https:\/\/api.w.org\/{rel}","templated":true}]}}