{"id":141458,"date":"2022-02-22T11:54:15","date_gmt":"2022-02-22T16:54:15","guid":{"rendered":"https:\/\/linitiative.ca\/International\/installation-du-premier-president-de-la-cour-dappel-de-commerce\/"},"modified":"2022-02-22T11:54:15","modified_gmt":"2022-02-22T16:54:15","slug":"installation-du-premier-president-de-la-cour-dappel-de-commerce","status":"publish","type":"post","link":"https:\/\/linitiative.ca\/International\/installation-du-premier-president-de-la-cour-dappel-de-commerce\/","title":{"rendered":"Installation du premier pr\u00e9sident de la Cour d\u2019appel de commerce"},"content":{"rendered":"<div>\n<div style=\"margin-bottom:20px;\"><img loading=\"lazy\" decoding=\"async\" width=\"750\" height=\"430\" src=\"https:\/\/linitiative.ca\/International\/wp-content\/uploads\/sites\/23\/2022\/02\/prC3A9sident-cour-dappel-commerce-rak-Mohamed-saber-copier.jpg\" class=\"attachment-post-thumbnail size-post-thumbnail wp-post-image\" alt=\"\" srcset=\"https:\/\/linitiative.ca\/International\/wp-content\/uploads\/sites\/23\/2022\/02\/prC3A9sident-cour-dappel-commerce-rak-Mohamed-saber-copier.jpg 750w, https:\/\/www.mapmarrakech.ma\/map\/uploads\/2022\/02\/pr\u00e9sident-cour-dappel-commerce-rak-Mohamed-saber-copier-300x172.jpg 300w\" sizes=\"auto, (max-width: 750px) 100vw, 750px\"><\/div>\n<p>La c\u00e9r\u00e9monie d\u2019installation de M. Saber s\u2019est d\u00e9roul\u00e9e en pr\u00e9sence notamment du secr\u00e9taire g\u00e9n\u00e9ral du minist\u00e8re de la Justice, Abdelilah Lahkim Bennani, de responsables judiciaires, d\u2019\u00e9lus et d\u2019autres acteurs et personnalit\u00e9s civiles et militaires.<\/p>\n<p>Dans une d\u00e9claration \u00e0 M24, la cha\u00eene t\u00e9l\u00e9vis\u00e9e d\u2019information en continu de la MAP, M. Saber a dit toute sa fiert\u00e9 pour la confiance plac\u00e9e en lui par SM le Roi Mohammed VI, relevant que la cr\u00e9ation d\u2019un syst\u00e8me judiciaire commercial visait, entre autres, \u00e0 promouvoir les investissements.<\/p>\n<p>Il a, d\u2019autre part, soulign\u00e9 que le Nouveau Mod\u00e8le de D\u00e9veloppement (NMD) met l\u2019accent sur l\u2019importance de la mission de ces juridictions, notant que le pouvoir judiciaire a mis en place un plan strat\u00e9gique afin de renforcer le r\u00f4le des tribunaux de commerce, en particulier dans les domaines \u00e9conomique et de d\u00e9veloppement.<\/p>\n<p>Sa Majest\u00e9 le Roi Mohammed VI, Pr\u00e9sident du Conseil sup\u00e9rieur du Pouvoir Judiciaire (CSPJ), avait accord\u00e9 Sa Haute approbation \u00e0 la nomination de responsables judiciaires dans plusieurs juridictions du Royaume.<\/p>\n<p>Ces nominations visent \u00e0 insuffler une nouvelle impulsion aux postes de responsabilit\u00e9 judiciaire dans les diff\u00e9rentes juridictions, \u00e0 atteindre davantage d\u2019efficience en termes de performance judiciaire et une plus grande transparence dans la gestion, \u00e0 d\u00e9signer des responsables judiciaires capables d\u2019accompagner la strat\u00e9gie du CSPJ en mati\u00e8re de moralisation, de probit\u00e9 et de droiture, et \u00e0 mettre l\u2019ind\u00e9pendance de la Justice au service de l\u2019application juste et \u00e9quitable de la loi.<\/p>\n<p>The post <a rel=\"nofollow\" href=\"https:\/\/www.mapmarrakech.ma\/fr\/installation-du-premier-president-de-la-cour-dappel-de-commerce\/\">Installation du premier pr\u00e9sident de la Cour d\u2019appel de commerce<\/a> appeared first on <a rel=\"nofollow\" href=\"https:\/\/www.mapmarrakech.ma\/fr\">MapMarrakech<\/a>.<\/p>\n<\/div>\n<p>Auteur: Meriem IGASS<br \/>\n<a href=\"https:\/\/www.mapmarrakech.ma\/fr\/installation-du-premier-president-de-la-cour-dappel-de-commerce\/\">Cliquez ici pour lire l&rsquo;article depuis sa source.<\/a><\/p>\n","protected":false},"excerpt":{"rendered":"<p>La c\u00e9r\u00e9monie d\u2019installation de M. Saber s\u2019est d\u00e9roul\u00e9e en pr\u00e9sence notamment du secr\u00e9taire g\u00e9n\u00e9ral du minist\u00e8re de la Justice, Abdelilah Lahkim Bennani, de responsables judiciaires, d\u2019\u00e9lus et d\u2019autres acteurs et personnalit\u00e9s civiles et militaires. Dans une d\u00e9claration \u00e0 M24, la cha\u00eene t\u00e9l\u00e9vis\u00e9e d\u2019information en continu de la MAP, M. Saber a dit toute sa fiert\u00e9 [&hellip;]<\/p>\n","protected":false},"author":1788,"featured_media":0,"comment_status":"closed","ping_status":"closed","sticky":false,"template":"","format":"standard","meta":{"fifu_image_url":"https:\/\/www.mapmarrakech.ma\/map\/uploads\/2022\/02\/pr\u00e9sident-cour-dappel-commerce-rak-Mohamed-saber-copier.jpg","fifu_image_alt":"Installation du premier pr\u00e9sident de la Cour d\u2019appel de commerce","footnotes":""},"categories":[54,76],"tags":[],"class_list":["post-141458","post","type-post","status-publish","format-standard","hentry","category-maroc","category-regions"],"_links":{"self":[{"href":"https:\/\/linitiative.ca\/International\/wp-json\/wp\/v2\/posts\/141458","targetHints":{"allow":["GET"]}}],"collection":[{"href":"https:\/\/linitiative.ca\/International\/wp-json\/wp\/v2\/posts"}],"about":[{"href":"https:\/\/linitiative.ca\/International\/wp-json\/wp\/v2\/types\/post"}],"author":[{"embeddable":true,"href":"https:\/\/linitiative.ca\/International\/wp-json\/wp\/v2\/users\/1788"}],"replies":[{"embeddable":true,"href":"https:\/\/linitiative.ca\/International\/wp-json\/wp\/v2\/comments?post=141458"}],"version-history":[{"count":0,"href":"https:\/\/linitiative.ca\/International\/wp-json\/wp\/v2\/posts\/141458\/revisions"}],"wp:attachment":[{"href":"https:\/\/linitiative.ca\/International\/wp-json\/wp\/v2\/media?parent=141458"}],"wp:term":[{"taxonomy":"category","embeddable":true,"href":"https:\/\/linitiative.ca\/International\/wp-json\/wp\/v2\/categories?post=141458"},{"taxonomy":"post_tag","embeddable":true,"href":"https:\/\/linitiative.ca\/International\/wp-json\/wp\/v2\/tags?post=141458"}],"curies":[{"name":"wp","href":"https:\/\/api.w.org\/{rel}","templated":true}]}}