{"id":141460,"date":"2022-02-22T12:45:49","date_gmt":"2022-02-22T17:45:49","guid":{"rendered":"https:\/\/linitiative.ca\/International\/nomination-a-des-postes-de-responsabilite-a-la-cour-des-comptes\/"},"modified":"2022-02-22T12:45:49","modified_gmt":"2022-02-22T17:45:49","slug":"nomination-a-des-postes-de-responsabilite-a-la-cour-des-comptes","status":"publish","type":"post","link":"https:\/\/linitiative.ca\/International\/nomination-a-des-postes-de-responsabilite-a-la-cour-des-comptes\/","title":{"rendered":"Nomination \u00e0 des postes de responsabilit\u00e9 \u00e0 la Cour des comptes"},"content":{"rendered":"<div>\n<div style=\"margin-bottom:20px;\"><img loading=\"lazy\" decoding=\"async\" width=\"750\" height=\"430\" src=\"https:\/\/linitiative.ca\/International\/wp-content\/uploads\/sites\/23\/2022\/02\/Cour-des-comptes-1.jpg\" class=\"attachment-post-thumbnail size-post-thumbnail wp-post-image\" alt=\"\" srcset=\"https:\/\/linitiative.ca\/International\/wp-content\/uploads\/sites\/23\/2022\/02\/Cour-des-comptes-1.jpg 750w, https:\/\/www.mapmarrakech.ma\/map\/uploads\/2022\/02\/Cour-des-comptes-1-300x172.jpg 300w\" sizes=\"auto, (max-width: 750px) 100vw, 750px\"><\/div>\n<p>Il s\u2019agit du Secr\u00e9taire g\u00e9n\u00e9ral de la Cour des comptes, de 06 Pr\u00e9sidents de chambres \u00e0 la m\u00eame Cour, de 11 Pr\u00e9sidents de Cours r\u00e9gionales des comptes et de 06 Pr\u00e9sidents de sections au niveau de ces Cours, indique, mardi, un communiqu\u00e9 de la Cour des comptes.<\/p>\n<p>The post <a rel=\"nofollow\" href=\"https:\/\/www.mapmarrakech.ma\/fr\/nomination-a-des-postes-de-responsabilite-a-la-cour-des-comptes\/\">Nomination \u00e0 des postes de responsabilit\u00e9 \u00e0 la Cour des comptes<\/a> appeared first on <a rel=\"nofollow\" href=\"https:\/\/www.mapmarrakech.ma\/fr\">MapMarrakech<\/a>.<\/p>\n<\/div>\n<p>Auteur: Meriem IGASS<br \/>\n<a href=\"https:\/\/www.mapmarrakech.ma\/fr\/nomination-a-des-postes-de-responsabilite-a-la-cour-des-comptes\/\">Cliquez ici pour lire l&rsquo;article depuis sa source.<\/a><\/p>\n","protected":false},"excerpt":{"rendered":"<p>Il s\u2019agit du Secr\u00e9taire g\u00e9n\u00e9ral de la Cour des comptes, de 06 Pr\u00e9sidents de chambres \u00e0 la m\u00eame Cour, de 11 Pr\u00e9sidents de Cours r\u00e9gionales des comptes et de 06 Pr\u00e9sidents de sections au niveau de ces Cours, indique, mardi, un communiqu\u00e9 de la Cour des comptes. The post Nomination \u00e0 des postes de responsabilit\u00e9 [&hellip;]<\/p>\n","protected":false},"author":1788,"featured_media":0,"comment_status":"closed","ping_status":"closed","sticky":false,"template":"","format":"standard","meta":{"fifu_image_url":"https:\/\/www.mapmarrakech.ma\/map\/uploads\/2022\/02\/Cour-des-comptes-1.jpg","fifu_image_alt":"Nomination \u00e0 des postes de responsabilit\u00e9 \u00e0 la Cour des comptes","footnotes":""},"categories":[54,76],"tags":[],"class_list":["post-141460","post","type-post","status-publish","format-standard","hentry","category-maroc","category-regions"],"_links":{"self":[{"href":"https:\/\/linitiative.ca\/International\/wp-json\/wp\/v2\/posts\/141460","targetHints":{"allow":["GET"]}}],"collection":[{"href":"https:\/\/linitiative.ca\/International\/wp-json\/wp\/v2\/posts"}],"about":[{"href":"https:\/\/linitiative.ca\/International\/wp-json\/wp\/v2\/types\/post"}],"author":[{"embeddable":true,"href":"https:\/\/linitiative.ca\/International\/wp-json\/wp\/v2\/users\/1788"}],"replies":[{"embeddable":true,"href":"https:\/\/linitiative.ca\/International\/wp-json\/wp\/v2\/comments?post=141460"}],"version-history":[{"count":0,"href":"https:\/\/linitiative.ca\/International\/wp-json\/wp\/v2\/posts\/141460\/revisions"}],"wp:attachment":[{"href":"https:\/\/linitiative.ca\/International\/wp-json\/wp\/v2\/media?parent=141460"}],"wp:term":[{"taxonomy":"category","embeddable":true,"href":"https:\/\/linitiative.ca\/International\/wp-json\/wp\/v2\/categories?post=141460"},{"taxonomy":"post_tag","embeddable":true,"href":"https:\/\/linitiative.ca\/International\/wp-json\/wp\/v2\/tags?post=141460"}],"curies":[{"name":"wp","href":"https:\/\/api.w.org\/{rel}","templated":true}]}}