{"id":141462,"date":"2022-02-22T10:48:39","date_gmt":"2022-02-22T15:48:39","guid":{"rendered":"https:\/\/linitiative.ca\/International\/nomination-a-des-postes-de-responsabilite-a-la-cour-des-comptes-et-aux-cours-regionales-des-comptes\/"},"modified":"2022-02-22T10:48:39","modified_gmt":"2022-02-22T15:48:39","slug":"nomination-a-des-postes-de-responsabilite-a-la-cour-des-comptes-et-aux-cours-regionales-des-comptes","status":"publish","type":"post","link":"https:\/\/linitiative.ca\/International\/nomination-a-des-postes-de-responsabilite-a-la-cour-des-comptes-et-aux-cours-regionales-des-comptes\/","title":{"rendered":"Nomination \u00e0 des postes de responsabilit\u00e9 \u00e0 la Cour des comptes et aux Cours r\u00e9gionales des comptes"},"content":{"rendered":"<div>\n<div style=\"margin-bottom:20px;\"><img loading=\"lazy\" decoding=\"async\" width=\"750\" height=\"430\" src=\"https:\/\/linitiative.ca\/International\/wp-content\/uploads\/sites\/23\/2022\/02\/Logo-de-Cours-des-comptes-750C397430-MAP.jpg\" class=\"attachment-post-thumbnail size-post-thumbnail wp-post-image\" alt=\"\" srcset=\"https:\/\/linitiative.ca\/International\/wp-content\/uploads\/sites\/23\/2022\/02\/Logo-de-Cours-des-comptes-750C397430-MAP.jpg 750w, https:\/\/www.mapoujda.ma\/map\/uploads\/2022\/02\/Logo-de-Cours-des-comptes-750\u00d7430-MAP-300x172.jpg 300w\" sizes=\"auto, (max-width: 750px) 100vw, 750px\"><\/div>\n<p style=\"text-align: justify;\">Sa Majest\u00e9 le Roi Mohammed VI, que Dieu L\u2019assiste, a bien voulu nommer des magistrats dans des postes de responsabilit\u00e9 au sein de la Cour des comptes et des Cours r\u00e9gionales des comptes.<\/p>\n<p style=\"text-align: justify;\">Il s\u2019agit du\u00a0Secr\u00e9taire g\u00e9n\u00e9ral de la Cour des comptes, de\u00a006 Pr\u00e9sidents de chambres \u00e0 la m\u00eame Cour, de\u00a011 Pr\u00e9sidents de Cours r\u00e9gionales des comptes et de\u00a006 Pr\u00e9sidents de sections au niveau de ces Cours, indique, mardi, un communiqu\u00e9 de la Cour des comptes.<\/p>\n<p>L\u2019article <a rel=\"nofollow\" href=\"https:\/\/www.mapoujda.ma\/fr\/nomination-a-des-postes-de-responsabilite-a-la-cour-des-comptes-et-aux-cours-regionales-des-comptes\/\">Nomination \u00e0 des postes de responsabilit\u00e9 \u00e0 la Cour des comptes et aux Cours r\u00e9gionales des comptes<\/a> est apparu en premier sur <a rel=\"nofollow\" href=\"https:\/\/www.mapoujda.ma\/fr\">MapOujda<\/a>.<\/p>\n<\/div>\n<p>Auteur: Soufiane ELAHMAR<br \/>\n<a href=\"https:\/\/www.mapoujda.ma\/fr\/nomination-a-des-postes-de-responsabilite-a-la-cour-des-comptes-et-aux-cours-regionales-des-comptes\/\">Cliquez ici pour lire l&rsquo;article depuis sa source.<\/a><\/p>\n","protected":false},"excerpt":{"rendered":"<p>Sa Majest\u00e9 le Roi Mohammed VI, que Dieu L\u2019assiste, a bien voulu nommer des magistrats dans des postes de responsabilit\u00e9 au sein de la Cour des comptes et des Cours r\u00e9gionales des comptes. Il s\u2019agit du\u00a0Secr\u00e9taire g\u00e9n\u00e9ral de la Cour des comptes, de\u00a006 Pr\u00e9sidents de chambres \u00e0 la m\u00eame Cour, de\u00a011 Pr\u00e9sidents de Cours r\u00e9gionales [&hellip;]<\/p>\n","protected":false},"author":1788,"featured_media":0,"comment_status":"closed","ping_status":"closed","sticky":false,"template":"","format":"standard","meta":{"fifu_image_url":"https:\/\/www.mapoujda.ma\/map\/uploads\/2022\/02\/Logo-de-Cours-des-comptes-750\u00d7430-MAP.jpg","fifu_image_alt":"Nomination \u00e0 des postes de responsabilit\u00e9 \u00e0 la Cour des comptes et aux Cours r\u00e9gionales des comptes","footnotes":""},"categories":[54,76],"tags":[],"class_list":["post-141462","post","type-post","status-publish","format-standard","hentry","category-maroc","category-regions"],"_links":{"self":[{"href":"https:\/\/linitiative.ca\/International\/wp-json\/wp\/v2\/posts\/141462","targetHints":{"allow":["GET"]}}],"collection":[{"href":"https:\/\/linitiative.ca\/International\/wp-json\/wp\/v2\/posts"}],"about":[{"href":"https:\/\/linitiative.ca\/International\/wp-json\/wp\/v2\/types\/post"}],"author":[{"embeddable":true,"href":"https:\/\/linitiative.ca\/International\/wp-json\/wp\/v2\/users\/1788"}],"replies":[{"embeddable":true,"href":"https:\/\/linitiative.ca\/International\/wp-json\/wp\/v2\/comments?post=141462"}],"version-history":[{"count":0,"href":"https:\/\/linitiative.ca\/International\/wp-json\/wp\/v2\/posts\/141462\/revisions"}],"wp:attachment":[{"href":"https:\/\/linitiative.ca\/International\/wp-json\/wp\/v2\/media?parent=141462"}],"wp:term":[{"taxonomy":"category","embeddable":true,"href":"https:\/\/linitiative.ca\/International\/wp-json\/wp\/v2\/categories?post=141462"},{"taxonomy":"post_tag","embeddable":true,"href":"https:\/\/linitiative.ca\/International\/wp-json\/wp\/v2\/tags?post=141462"}],"curies":[{"name":"wp","href":"https:\/\/api.w.org\/{rel}","templated":true}]}}