{"id":141467,"date":"2022-02-22T11:12:41","date_gmt":"2022-02-22T16:12:41","guid":{"rendered":"https:\/\/linitiative.ca\/International\/wafa-assurance-adil-bouifrouri-prend-la-tete-du-pole-international\/"},"modified":"2022-02-22T11:12:41","modified_gmt":"2022-02-22T16:12:41","slug":"wafa-assurance-adil-bouifrouri-prend-la-tete-du-pole-international","status":"publish","type":"post","link":"https:\/\/linitiative.ca\/International\/wafa-assurance-adil-bouifrouri-prend-la-tete-du-pole-international\/","title":{"rendered":"Wafa Assurance: Adil Bouifrouri prend la t\u00eate du P\u00f4le International"},"content":{"rendered":"<div>\n<div class=\"field field-name-body field-type-text-with-summary field-label-hidden\">\n<div class=\"field-items\">\n<div class=\"field-item even\" property=\"content:encoded\">\n<p class=\"rtejustify\">Adil\u00a0Bouifrouri prend\u00a0la t\u00eate du P\u00f4le Wafa Assurance International apr\u00e8s la nomination d&rsquo;<span style=\"text-align: justify;\">Ali Chra\u00efbi en tant que PDG d&rsquo;AGMA. Bouifrouri, qui\u00a0<\/span>int\u00e8gre au passage le Comit\u00e9 ex\u00e9cutif du Groupe, aura comme mission de continuer le d\u00e9veloppement r\u00e9gional du groupe autour de 5 axes.\u00a0Pour l&rsquo;assurance Vie, il devra\u00a0ancrer le leadership des filiales en Tunisie, au S\u00e9n\u00e9gal, en C\u00f4te d\u2019Ivoire et au Cameroun et lancer la filiale Wafa Life Insurance Egypt.<\/p>\n<\/div>\n<\/div>\n<\/div>\n<\/div>\n<p>Auteur: hgueye<br \/>\n<a href=\"https:\/\/www.leconomiste.com\/flash-infos\/wafa-assurance-adil-bouifrouri-prend-la-tete-du-pole-international\">Cliquez ici pour lire l&rsquo;article depuis sa source.<\/a><\/p>\n","protected":false},"excerpt":{"rendered":"<p>Adil\u00a0Bouifrouri prend\u00a0la t\u00eate du P\u00f4le Wafa Assurance International apr\u00e8s la nomination d&rsquo;Ali Chra\u00efbi en tant que PDG d&rsquo;AGMA. Bouifrouri, qui\u00a0int\u00e8gre au passage le Comit\u00e9 ex\u00e9cutif du Groupe, aura comme mission de continuer le d\u00e9veloppement r\u00e9gional du groupe autour de 5 axes.\u00a0Pour l&rsquo;assurance Vie, il devra\u00a0ancrer le leadership des filiales en Tunisie, au S\u00e9n\u00e9gal, en C\u00f4te [&hellip;]<\/p>\n","protected":false},"author":1763,"featured_media":0,"comment_status":"closed","ping_status":"closed","sticky":false,"template":"","format":"standard","meta":{"fifu_image_url":"","fifu_image_alt":"","footnotes":""},"categories":[78,54],"tags":[],"class_list":["post-141467","post","type-post","status-publish","format-standard","hentry","category-economie","category-maroc"],"_links":{"self":[{"href":"https:\/\/linitiative.ca\/International\/wp-json\/wp\/v2\/posts\/141467","targetHints":{"allow":["GET"]}}],"collection":[{"href":"https:\/\/linitiative.ca\/International\/wp-json\/wp\/v2\/posts"}],"about":[{"href":"https:\/\/linitiative.ca\/International\/wp-json\/wp\/v2\/types\/post"}],"author":[{"embeddable":true,"href":"https:\/\/linitiative.ca\/International\/wp-json\/wp\/v2\/users\/1763"}],"replies":[{"embeddable":true,"href":"https:\/\/linitiative.ca\/International\/wp-json\/wp\/v2\/comments?post=141467"}],"version-history":[{"count":0,"href":"https:\/\/linitiative.ca\/International\/wp-json\/wp\/v2\/posts\/141467\/revisions"}],"wp:attachment":[{"href":"https:\/\/linitiative.ca\/International\/wp-json\/wp\/v2\/media?parent=141467"}],"wp:term":[{"taxonomy":"category","embeddable":true,"href":"https:\/\/linitiative.ca\/International\/wp-json\/wp\/v2\/categories?post=141467"},{"taxonomy":"post_tag","embeddable":true,"href":"https:\/\/linitiative.ca\/International\/wp-json\/wp\/v2\/tags?post=141467"}],"curies":[{"name":"wp","href":"https:\/\/api.w.org\/{rel}","templated":true}]}}