{"id":141468,"date":"2022-02-22T12:29:06","date_gmt":"2022-02-22T17:29:06","guid":{"rendered":"https:\/\/linitiative.ca\/International\/al-barid-bank-et-finea-sallient-pour-les-tpme\/"},"modified":"2022-02-22T12:29:06","modified_gmt":"2022-02-22T17:29:06","slug":"al-barid-bank-et-finea-sallient-pour-les-tpme","status":"publish","type":"post","link":"https:\/\/linitiative.ca\/International\/al-barid-bank-et-finea-sallient-pour-les-tpme\/","title":{"rendered":"Al Barid Bank et Fin\u00e9a s\u2019allient pour les TPME"},"content":{"rendered":"<div>\n<div class=\"field field-name-body field-type-text-with-summary field-label-hidden\">\n<div class=\"field-items\">\n<div class=\"field-item even\" property=\"content:encoded\">\n<p class=\"rtejustify\">Al Barid Bank et Fin\u00e9a, filiale du Groupe CDG, viennent de sceller convention de partenariat en faveur des TPME marocaines. Cet accord permet de mettre \u00e0 disposition des ces entreprises les moyens n\u00e9cessaires visant \u00e0 faciliter davantage leur acc\u00e8s au financement. Il permet aussi de favoriser et renforcer davantage la collaboration des deux \u00e9tablissements en mati\u00e8re de financement des TPME clientes d\u2019Al Barid Bank, et de proposer aux TMPE des solutions de financement con\u00e7ues par Fin\u00e9a, dans le cadre d\u2019un carnet de commandes publiques, semi-publiques et priv\u00e9es.<\/p>\n<\/div>\n<\/div>\n<\/div>\n<\/div>\n<p>Auteur: hgueye<br \/>\n<a href=\"https:\/\/www.leconomiste.com\/flash-infos\/al-barid-bank-et-finea-s-allient-pour-les-tpme\">Cliquez ici pour lire l&rsquo;article depuis sa source.<\/a><\/p>\n","protected":false},"excerpt":{"rendered":"<p>Al Barid Bank et Fin\u00e9a, filiale du Groupe CDG, viennent de sceller convention de partenariat en faveur des TPME marocaines. Cet accord permet de mettre \u00e0 disposition des ces entreprises les moyens n\u00e9cessaires visant \u00e0 faciliter davantage leur acc\u00e8s au financement. Il permet aussi de favoriser et renforcer davantage la collaboration des deux \u00e9tablissements en [&hellip;]<\/p>\n","protected":false},"author":1763,"featured_media":0,"comment_status":"closed","ping_status":"closed","sticky":false,"template":"","format":"standard","meta":{"fifu_image_url":"","fifu_image_alt":"","footnotes":""},"categories":[78,54],"tags":[],"class_list":["post-141468","post","type-post","status-publish","format-standard","hentry","category-economie","category-maroc"],"_links":{"self":[{"href":"https:\/\/linitiative.ca\/International\/wp-json\/wp\/v2\/posts\/141468","targetHints":{"allow":["GET"]}}],"collection":[{"href":"https:\/\/linitiative.ca\/International\/wp-json\/wp\/v2\/posts"}],"about":[{"href":"https:\/\/linitiative.ca\/International\/wp-json\/wp\/v2\/types\/post"}],"author":[{"embeddable":true,"href":"https:\/\/linitiative.ca\/International\/wp-json\/wp\/v2\/users\/1763"}],"replies":[{"embeddable":true,"href":"https:\/\/linitiative.ca\/International\/wp-json\/wp\/v2\/comments?post=141468"}],"version-history":[{"count":0,"href":"https:\/\/linitiative.ca\/International\/wp-json\/wp\/v2\/posts\/141468\/revisions"}],"wp:attachment":[{"href":"https:\/\/linitiative.ca\/International\/wp-json\/wp\/v2\/media?parent=141468"}],"wp:term":[{"taxonomy":"category","embeddable":true,"href":"https:\/\/linitiative.ca\/International\/wp-json\/wp\/v2\/categories?post=141468"},{"taxonomy":"post_tag","embeddable":true,"href":"https:\/\/linitiative.ca\/International\/wp-json\/wp\/v2\/tags?post=141468"}],"curies":[{"name":"wp","href":"https:\/\/api.w.org\/{rel}","templated":true}]}}