{"id":141469,"date":"2022-02-22T05:59:00","date_gmt":"2022-02-22T10:59:00","guid":{"rendered":"https:\/\/linitiative.ca\/International\/villarreal-aissa-mandi-dans-le-groupe-face-a-la-juventus\/"},"modified":"2022-02-22T05:59:00","modified_gmt":"2022-02-22T10:59:00","slug":"villarreal-aissa-mandi-dans-le-groupe-face-a-la-juventus","status":"publish","type":"post","link":"https:\/\/linitiative.ca\/International\/villarreal-aissa-mandi-dans-le-groupe-face-a-la-juventus\/","title":{"rendered":"Villarreal : Aissa Mandi dans le groupe face \u00e0 la Juventus"},"content":{"rendered":"<div>Villarreal re\u00e7oit ce mardi soir la Juventus \u00e0 l&rsquo;occasion des 8es de finale aller de la Ligue des Champions<\/div>\n<p>Auteur:<br \/>\n<a href=\"https:\/\/www.lebuteur.com\/article\/detail?titre=villarreal-aissa-mandi-dans-le-groupe-face-a-la-juventus&#038;id=102359\">Cliquez ici pour lire l&rsquo;article depuis sa source.<\/a><\/p>\n","protected":false},"excerpt":{"rendered":"<p>Villarreal re\u00e7oit ce mardi soir la Juventus \u00e0 l&rsquo;occasion des 8es de finale aller de la Ligue des Champions Auteur: Cliquez ici pour lire l&rsquo;article depuis sa source.<\/p>\n","protected":false},"author":1738,"featured_media":0,"comment_status":"closed","ping_status":"closed","sticky":false,"template":"","format":"standard","meta":{"fifu_image_url":"","fifu_image_alt":"","footnotes":""},"categories":[53,75],"tags":[],"class_list":["post-141469","post","type-post","status-publish","format-standard","hentry","category-algerie","category-sport"],"_links":{"self":[{"href":"https:\/\/linitiative.ca\/International\/wp-json\/wp\/v2\/posts\/141469","targetHints":{"allow":["GET"]}}],"collection":[{"href":"https:\/\/linitiative.ca\/International\/wp-json\/wp\/v2\/posts"}],"about":[{"href":"https:\/\/linitiative.ca\/International\/wp-json\/wp\/v2\/types\/post"}],"author":[{"embeddable":true,"href":"https:\/\/linitiative.ca\/International\/wp-json\/wp\/v2\/users\/1738"}],"replies":[{"embeddable":true,"href":"https:\/\/linitiative.ca\/International\/wp-json\/wp\/v2\/comments?post=141469"}],"version-history":[{"count":0,"href":"https:\/\/linitiative.ca\/International\/wp-json\/wp\/v2\/posts\/141469\/revisions"}],"wp:attachment":[{"href":"https:\/\/linitiative.ca\/International\/wp-json\/wp\/v2\/media?parent=141469"}],"wp:term":[{"taxonomy":"category","embeddable":true,"href":"https:\/\/linitiative.ca\/International\/wp-json\/wp\/v2\/categories?post=141469"},{"taxonomy":"post_tag","embeddable":true,"href":"https:\/\/linitiative.ca\/International\/wp-json\/wp\/v2\/tags?post=141469"}],"curies":[{"name":"wp","href":"https:\/\/api.w.org\/{rel}","templated":true}]}}