{"id":141475,"date":"2022-02-22T07:56:40","date_gmt":"2022-02-22T12:56:40","guid":{"rendered":"https:\/\/linitiative.ca\/International\/flambee-des-prix-le-gouvernement-annonce-plusieurs-mesures\/"},"modified":"2022-02-22T07:56:40","modified_gmt":"2022-02-22T12:56:40","slug":"flambee-des-prix-le-gouvernement-annonce-plusieurs-mesures","status":"publish","type":"post","link":"https:\/\/linitiative.ca\/International\/flambee-des-prix-le-gouvernement-annonce-plusieurs-mesures\/","title":{"rendered":"Flamb\u00e9e des prix. Le gouvernement annonce plusieurs mesures"},"content":{"rendered":"<div><img decoding=\"async\" width=\"650\" height=\"250\" src=\"https:\/\/linitiative.ca\/International\/wp-content\/uploads\/sites\/23\/2022\/02\/inflation.jpg\" class=\"attachment-post-thumbnail size-post-thumbnail wp-post-image\" alt=\"\" loading=\"lazy\" srcset=\"https:\/\/linitiative.ca\/International\/wp-content\/uploads\/sites\/23\/2022\/02\/inflation.jpg 650w, https:\/\/www.challenge.ma\/wp-content\/uploads\/2016\/08\/inflation-300x115.jpg 300w, https:\/\/www.challenge.ma\/wp-content\/uploads\/2016\/08\/inflation-360x138.jpg 360w\" sizes=\"auto, (max-width: 650px) 100vw, 650px\" itemprop=\"image\">Le gouvernement vient d\u2019annoncer plusieurs mesures visant \u00e0 att\u00e9nuer la hausse des prix concernant certains produits de consommation sur le march\u00e9 national. Dans le d\u00e9tail, il s\u2019agit de la confirmation du prix du pain ordinaire \u00e0 base de farine de bl\u00e9 tendre \u00e0 1,20 DH l\u2019unit\u00e9. Ces mesures portent aussi<\/div>\n<p>Auteur: challenge<br \/>\n<a href=\"https:\/\/www.challenge.ma\/flambee-des-prix-le-gouvernement-annonce-plusieurs-mesures-233166\/\">Cliquez ici pour lire l&rsquo;article depuis sa source.<\/a><\/p>\n","protected":false},"excerpt":{"rendered":"<p>Le gouvernement vient d\u2019annoncer plusieurs mesures visant \u00e0 att\u00e9nuer la hausse des prix concernant certains produits de consommation sur le march\u00e9 national. Dans le d\u00e9tail, il s\u2019agit de la confirmation du prix du pain ordinaire \u00e0 base de farine de bl\u00e9 tendre \u00e0 1,20 DH l\u2019unit\u00e9. Ces mesures portent aussi Auteur: challenge Cliquez ici pour [&hellip;]<\/p>\n","protected":false},"author":1787,"featured_media":0,"comment_status":"closed","ping_status":"closed","sticky":false,"template":"","format":"standard","meta":{"fifu_image_url":"https:\/\/www.challenge.ma\/wp-content\/uploads\/2016\/08\/inflation.jpg","fifu_image_alt":"Flamb\u00e9e des prix. Le gouvernement annonce plusieurs mesures","footnotes":""},"categories":[78,54],"tags":[],"class_list":["post-141475","post","type-post","status-publish","format-standard","hentry","category-economie","category-maroc"],"_links":{"self":[{"href":"https:\/\/linitiative.ca\/International\/wp-json\/wp\/v2\/posts\/141475","targetHints":{"allow":["GET"]}}],"collection":[{"href":"https:\/\/linitiative.ca\/International\/wp-json\/wp\/v2\/posts"}],"about":[{"href":"https:\/\/linitiative.ca\/International\/wp-json\/wp\/v2\/types\/post"}],"author":[{"embeddable":true,"href":"https:\/\/linitiative.ca\/International\/wp-json\/wp\/v2\/users\/1787"}],"replies":[{"embeddable":true,"href":"https:\/\/linitiative.ca\/International\/wp-json\/wp\/v2\/comments?post=141475"}],"version-history":[{"count":0,"href":"https:\/\/linitiative.ca\/International\/wp-json\/wp\/v2\/posts\/141475\/revisions"}],"wp:attachment":[{"href":"https:\/\/linitiative.ca\/International\/wp-json\/wp\/v2\/media?parent=141475"}],"wp:term":[{"taxonomy":"category","embeddable":true,"href":"https:\/\/linitiative.ca\/International\/wp-json\/wp\/v2\/categories?post=141475"},{"taxonomy":"post_tag","embeddable":true,"href":"https:\/\/linitiative.ca\/International\/wp-json\/wp\/v2\/tags?post=141475"}],"curies":[{"name":"wp","href":"https:\/\/api.w.org\/{rel}","templated":true}]}}