{"id":141477,"date":"2022-02-22T08:21:34","date_gmt":"2022-02-22T13:21:34","guid":{"rendered":"https:\/\/linitiative.ca\/International\/letat-lance-le-dispositif-de-soutien-aux-etablissements-dhebergement-touristique\/"},"modified":"2022-02-22T08:21:34","modified_gmt":"2022-02-22T13:21:34","slug":"letat-lance-le-dispositif-de-soutien-aux-etablissements-dhebergement-touristique","status":"publish","type":"post","link":"https:\/\/linitiative.ca\/International\/letat-lance-le-dispositif-de-soutien-aux-etablissements-dhebergement-touristique\/","title":{"rendered":"L\u2019Etat lance le dispositif de soutien aux \u00c9tablissements d\u2019H\u00e9bergement Touristique"},"content":{"rendered":"<div><img decoding=\"async\" width=\"909\" height=\"404\" src=\"https:\/\/linitiative.ca\/International\/wp-content\/uploads\/sites\/23\/2022\/02\/hotellerie.jpeg\" class=\"attachment-post-thumbnail size-post-thumbnail wp-post-image\" alt=\"\" loading=\"lazy\" srcset=\"https:\/\/linitiative.ca\/International\/wp-content\/uploads\/sites\/23\/2022\/02\/hotellerie.jpeg 909w, https:\/\/www.challenge.ma\/wp-content\/uploads\/2022\/02\/hotellerie-300x133.jpeg 300w, https:\/\/www.challenge.ma\/wp-content\/uploads\/2022\/02\/hotellerie-768x341.jpeg 768w, https:\/\/www.challenge.ma\/wp-content\/uploads\/2022\/02\/hotellerie-360x160.jpeg 360w, https:\/\/www.challenge.ma\/wp-content\/uploads\/2022\/02\/hotellerie-750x333.jpeg 750w\" sizes=\"auto, (max-width: 909px) 100vw, 909px\" itemprop=\"image\">Le minist\u00e8re du Tourisme, de l\u2019artisanat et de l\u2019\u00e9conomie sociale et solidaire a annonc\u00e9 le lancement, le 21 f\u00e9vrier, d\u2019un appel \u00e0 manifestation d\u2019int\u00e9r\u00eat pour recenser les \u00e9tablissements d\u2019h\u00e9bergement touristique (EHT) souhaitant b\u00e9n\u00e9ficier de l\u2019appui financier de l\u2019Etat, d\u2019une enveloppe global d\u2019un milliard de DH, pour les aider \u00e0 red\u00e9marrer<\/div>\n<p>Auteur: challenge<br \/>\n<a href=\"https:\/\/www.challenge.ma\/letat-lance-le-dispositif-de-soutien-aux-etablissements-dhebergement-touristique-233169\/\">Cliquez ici pour lire l&rsquo;article depuis sa source.<\/a><\/p>\n","protected":false},"excerpt":{"rendered":"<p>Le minist\u00e8re du Tourisme, de l\u2019artisanat et de l\u2019\u00e9conomie sociale et solidaire a annonc\u00e9 le lancement, le 21 f\u00e9vrier, d\u2019un appel \u00e0 manifestation d\u2019int\u00e9r\u00eat pour recenser les \u00e9tablissements d\u2019h\u00e9bergement touristique (EHT) souhaitant b\u00e9n\u00e9ficier de l\u2019appui financier de l\u2019Etat, d\u2019une enveloppe global d\u2019un milliard de DH, pour les aider \u00e0 red\u00e9marrer Auteur: challenge Cliquez ici pour [&hellip;]<\/p>\n","protected":false},"author":1787,"featured_media":0,"comment_status":"closed","ping_status":"closed","sticky":false,"template":"","format":"standard","meta":{"fifu_image_url":"https:\/\/www.challenge.ma\/wp-content\/uploads\/2022\/02\/hotellerie.jpeg","fifu_image_alt":"L\u2019Etat lance le dispositif de soutien aux \u00c9tablissements d\u2019H\u00e9bergement Touristique","footnotes":""},"categories":[78,54],"tags":[],"class_list":["post-141477","post","type-post","status-publish","format-standard","hentry","category-economie","category-maroc"],"_links":{"self":[{"href":"https:\/\/linitiative.ca\/International\/wp-json\/wp\/v2\/posts\/141477","targetHints":{"allow":["GET"]}}],"collection":[{"href":"https:\/\/linitiative.ca\/International\/wp-json\/wp\/v2\/posts"}],"about":[{"href":"https:\/\/linitiative.ca\/International\/wp-json\/wp\/v2\/types\/post"}],"author":[{"embeddable":true,"href":"https:\/\/linitiative.ca\/International\/wp-json\/wp\/v2\/users\/1787"}],"replies":[{"embeddable":true,"href":"https:\/\/linitiative.ca\/International\/wp-json\/wp\/v2\/comments?post=141477"}],"version-history":[{"count":0,"href":"https:\/\/linitiative.ca\/International\/wp-json\/wp\/v2\/posts\/141477\/revisions"}],"wp:attachment":[{"href":"https:\/\/linitiative.ca\/International\/wp-json\/wp\/v2\/media?parent=141477"}],"wp:term":[{"taxonomy":"category","embeddable":true,"href":"https:\/\/linitiative.ca\/International\/wp-json\/wp\/v2\/categories?post=141477"},{"taxonomy":"post_tag","embeddable":true,"href":"https:\/\/linitiative.ca\/International\/wp-json\/wp\/v2\/tags?post=141477"}],"curies":[{"name":"wp","href":"https:\/\/api.w.org\/{rel}","templated":true}]}}