{"id":141483,"date":"2022-02-22T10:31:12","date_gmt":"2022-02-22T15:31:12","guid":{"rendered":"https:\/\/linitiative.ca\/International\/evolution-du-coronavirus-au-maroc-427-nouveaux-cas-1-159-584-au-total-mardi-22-fevrier-2022-a-16-heures\/"},"modified":"2022-02-22T10:31:12","modified_gmt":"2022-02-22T15:31:12","slug":"evolution-du-coronavirus-au-maroc-427-nouveaux-cas-1-159-584-au-total-mardi-22-fevrier-2022-a-16-heures","status":"publish","type":"post","link":"https:\/\/linitiative.ca\/International\/evolution-du-coronavirus-au-maroc-427-nouveaux-cas-1-159-584-au-total-mardi-22-fevrier-2022-a-16-heures\/","title":{"rendered":"\u00c9volution du coronavirus au Maroc. 427 nouveaux cas, 1.159.584 au total, mardi 22 f\u00e9vrier 2022 \u00e0 16 heures"},"content":{"rendered":"<div><img decoding=\"async\" width=\"1349\" height=\"759\" src=\"https:\/\/linitiative.ca\/International\/wp-content\/uploads\/sites\/23\/2022\/02\/Coronavirus-7.jpg\" class=\"attachment-post-thumbnail size-post-thumbnail wp-post-image\" alt=\"\" loading=\"lazy\" srcset=\"https:\/\/linitiative.ca\/International\/wp-content\/uploads\/sites\/23\/2022\/02\/Coronavirus-7.jpg 1349w, https:\/\/www.challenge.ma\/wp-content\/uploads\/2021\/06\/Coronavirus-7-300x169.jpg 300w, https:\/\/www.challenge.ma\/wp-content\/uploads\/2021\/06\/Coronavirus-7-1024x576.jpg 1024w, https:\/\/www.challenge.ma\/wp-content\/uploads\/2021\/06\/Coronavirus-7-768x432.jpg 768w, https:\/\/www.challenge.ma\/wp-content\/uploads\/2021\/06\/Coronavirus-7-360x203.jpg 360w, https:\/\/www.challenge.ma\/wp-content\/uploads\/2021\/06\/Coronavirus-7-750x422.jpg 750w\" sizes=\"auto, (max-width: 1349px) 100vw, 1349px\" itemprop=\"image\">427 nouveaux cas d\u2019infection au coronavirus ont \u00e9t\u00e9 confirm\u00e9s au Maroc durant les derni\u00e8res 24h, portant le nombre total de cas de contaminations \u00e0 1 159 584, a annonc\u00e9 le minist\u00e8re de la Sant\u00e9.\u00a0Le nombre de personnes d\u00e9clar\u00e9es gu\u00e9ries\u00a0s\u2019est \u00e9lev\u00e9 \u00e0 1 137 129 avec 1232 r\u00e9missions suppl\u00e9mentaires, alors que<\/div>\n<p>Auteur: challenge<br \/>\n<a href=\"https:\/\/www.challenge.ma\/evolution-du-coronavirus-au-maroc-427-nouveaux-cas-1-159-584-au-total-mardi-22-fevrier-2022-a-16-heures-233195\/\">Cliquez ici pour lire l&rsquo;article depuis sa source.<\/a><\/p>\n","protected":false},"excerpt":{"rendered":"<p>427 nouveaux cas d\u2019infection au coronavirus ont \u00e9t\u00e9 confirm\u00e9s au Maroc durant les derni\u00e8res 24h, portant le nombre total de cas de contaminations \u00e0 1 159 584, a annonc\u00e9 le minist\u00e8re de la Sant\u00e9.\u00a0Le nombre de personnes d\u00e9clar\u00e9es gu\u00e9ries\u00a0s\u2019est \u00e9lev\u00e9 \u00e0 1 137 129 avec 1232 r\u00e9missions suppl\u00e9mentaires, alors que Auteur: challenge Cliquez ici pour [&hellip;]<\/p>\n","protected":false},"author":1787,"featured_media":0,"comment_status":"closed","ping_status":"closed","sticky":false,"template":"","format":"standard","meta":{"fifu_image_url":"https:\/\/www.challenge.ma\/wp-content\/uploads\/2021\/06\/Coronavirus-7.jpg","fifu_image_alt":"\u00c9volution du coronavirus au Maroc. 427 nouveaux cas, 1.159.584 au total, mardi 22 f\u00e9vrier 2022 \u00e0 16 heures","footnotes":""},"categories":[78,54],"tags":[],"class_list":["post-141483","post","type-post","status-publish","format-standard","hentry","category-economie","category-maroc"],"_links":{"self":[{"href":"https:\/\/linitiative.ca\/International\/wp-json\/wp\/v2\/posts\/141483","targetHints":{"allow":["GET"]}}],"collection":[{"href":"https:\/\/linitiative.ca\/International\/wp-json\/wp\/v2\/posts"}],"about":[{"href":"https:\/\/linitiative.ca\/International\/wp-json\/wp\/v2\/types\/post"}],"author":[{"embeddable":true,"href":"https:\/\/linitiative.ca\/International\/wp-json\/wp\/v2\/users\/1787"}],"replies":[{"embeddable":true,"href":"https:\/\/linitiative.ca\/International\/wp-json\/wp\/v2\/comments?post=141483"}],"version-history":[{"count":0,"href":"https:\/\/linitiative.ca\/International\/wp-json\/wp\/v2\/posts\/141483\/revisions"}],"wp:attachment":[{"href":"https:\/\/linitiative.ca\/International\/wp-json\/wp\/v2\/media?parent=141483"}],"wp:term":[{"taxonomy":"category","embeddable":true,"href":"https:\/\/linitiative.ca\/International\/wp-json\/wp\/v2\/categories?post=141483"},{"taxonomy":"post_tag","embeddable":true,"href":"https:\/\/linitiative.ca\/International\/wp-json\/wp\/v2\/tags?post=141483"}],"curies":[{"name":"wp","href":"https:\/\/api.w.org\/{rel}","templated":true}]}}