{"id":141487,"date":"2022-02-22T16:34:48","date_gmt":"2022-02-22T21:34:48","guid":{"rendered":"https:\/\/linitiative.ca\/International\/ligue-1-brest-soutien-algerien-indefectible-pour-belaili\/"},"modified":"2022-02-22T16:34:48","modified_gmt":"2022-02-22T21:34:48","slug":"ligue-1-brest-soutien-algerien-indefectible-pour-belaili","status":"publish","type":"post","link":"https:\/\/linitiative.ca\/International\/ligue-1-brest-soutien-algerien-indefectible-pour-belaili\/","title":{"rendered":"Ligue 1 \u2013 Brest : Soutien alg\u00e9rien ind\u00e9fectible pour Bela\u00efli"},"content":{"rendered":"<div>\n<p>Dans un communiqu\u00e9 rendu public ce mardi, la f\u00e9d\u00e9ration alg\u00e9rienne de football (FAF) a totalement soutenu l\u2019ancien international alg\u00e9rien de l\u2019Esp\u00e9rance de Tunis Youcef Bela\u00efli, qui a \u00e9t\u00e9 victime dimanche dernier de \u00ab propos x\u00e9nophobes \u00bb sur la pelouse de Reims \u00e0 l\u2019occasion du match de Ligue 1 fran\u00e7aise ayant oppos\u00e9 son \u00e9quipe Brest \u00e0 [\u2026]<\/p>\n<p>L\u2019article <a href=\"https:\/\/sport.tunisienumerique.com\/ligue-1-brest-soutien-algerien-indefectible-pour-belaili\/\">Ligue 1 \u2013 Brest : Soutien alg\u00e9rien ind\u00e9fectible pour Bela\u00efli<\/a> est apparu en premier sur <a href=\"https:\/\/www.tunisienumerique.com\/\">Tunisie<\/a>.<\/p>\n<\/div>\n<p>Auteur: Hamza Ben Khlifa<br \/>\n<a href=\"https:\/\/sport.tunisienumerique.com\/ligue-1-brest-soutien-algerien-indefectible-pour-belaili\/\">Cliquez ici pour lire l&rsquo;article depuis sa source.<\/a><\/p>\n","protected":false},"excerpt":{"rendered":"<p>Dans un communiqu\u00e9 rendu public ce mardi, la f\u00e9d\u00e9ration alg\u00e9rienne de football (FAF) a totalement soutenu l\u2019ancien international alg\u00e9rien de l\u2019Esp\u00e9rance de Tunis Youcef Bela\u00efli, qui a \u00e9t\u00e9 victime dimanche dernier de \u00ab propos x\u00e9nophobes \u00bb sur la pelouse de Reims \u00e0 l\u2019occasion du match de Ligue 1 fran\u00e7aise ayant oppos\u00e9 son \u00e9quipe Brest \u00e0 [&hellip;]<\/p>\n","protected":false},"author":1789,"featured_media":0,"comment_status":"closed","ping_status":"closed","sticky":false,"template":"","format":"standard","meta":{"fifu_image_url":"","fifu_image_alt":"","footnotes":""},"categories":[73,55],"tags":[],"class_list":["post-141487","post","type-post","status-publish","format-standard","hentry","category-actualite","category-tunisie"],"_links":{"self":[{"href":"https:\/\/linitiative.ca\/International\/wp-json\/wp\/v2\/posts\/141487","targetHints":{"allow":["GET"]}}],"collection":[{"href":"https:\/\/linitiative.ca\/International\/wp-json\/wp\/v2\/posts"}],"about":[{"href":"https:\/\/linitiative.ca\/International\/wp-json\/wp\/v2\/types\/post"}],"author":[{"embeddable":true,"href":"https:\/\/linitiative.ca\/International\/wp-json\/wp\/v2\/users\/1789"}],"replies":[{"embeddable":true,"href":"https:\/\/linitiative.ca\/International\/wp-json\/wp\/v2\/comments?post=141487"}],"version-history":[{"count":0,"href":"https:\/\/linitiative.ca\/International\/wp-json\/wp\/v2\/posts\/141487\/revisions"}],"wp:attachment":[{"href":"https:\/\/linitiative.ca\/International\/wp-json\/wp\/v2\/media?parent=141487"}],"wp:term":[{"taxonomy":"category","embeddable":true,"href":"https:\/\/linitiative.ca\/International\/wp-json\/wp\/v2\/categories?post=141487"},{"taxonomy":"post_tag","embeddable":true,"href":"https:\/\/linitiative.ca\/International\/wp-json\/wp\/v2\/tags?post=141487"}],"curies":[{"name":"wp","href":"https:\/\/api.w.org\/{rel}","templated":true}]}}