{"id":141490,"date":"2022-02-22T15:03:59","date_gmt":"2022-02-22T20:03:59","guid":{"rendered":"https:\/\/linitiative.ca\/International\/inauguration-du-stade-abdoulaye-wade-un-acte-qui-vaut-son-pesant-de-decrispation\/"},"modified":"2022-02-22T15:03:59","modified_gmt":"2022-02-22T20:03:59","slug":"inauguration-du-stade-abdoulaye-wade-un-acte-qui-vaut-son-pesant-de-decrispation","status":"publish","type":"post","link":"https:\/\/linitiative.ca\/International\/inauguration-du-stade-abdoulaye-wade-un-acte-qui-vaut-son-pesant-de-decrispation\/","title":{"rendered":"INAUGURATION DU STADE ABDOULAYE WADE : Un acte qui vaut son pesant\u2026.de d\u00e9crispation"},"content":{"rendered":"<div>\n<p><img decoding=\"async\" width=\"300\" height=\"168\" src=\"https:\/\/linitiative.ca\/International\/wp-content\/uploads\/sites\/23\/2022\/02\/STADE.jpg\" class=\"attachment- size- wp-post-image\" alt=\"\" loading=\"lazy\" style=\"float:left; margin:0 15px 15px 0;\">C\u2019est devant un parterre d\u2019invit\u00e9s de marque au nombre desquels l\u2019on comptait plusieurs chefs d\u2019Etat, notamment celui de la R\u00e9publique f\u00e9d\u00e9rale d\u2019Allemagne, Frank-Walter Steinmeier, de la Turquie, Recep Tayyip Erdogan, du Rwanda, Paul Kagame, de la Gambie, Adama Barrow, de la Guin\u00e9e-Bissau, Umaro Sissoco Embalo [\u2026]<\/p>\n<p>L\u2019article <a rel=\"nofollow\" href=\"https:\/\/lepays.bf\/inauguration-du-stade-abdoulaye-wade-un-acte-qui-vaut-son-pesant-de-decrispation\/\">INAUGURATION DU STADE ABDOULAYE WADE : Un acte qui vaut son pesant\u2026.de d\u00e9crispation<\/a> est apparu en premier sur <a rel=\"nofollow\" href=\"https:\/\/lepays.bf\/\">Editions Le Pays<\/a>.<\/p>\n<\/div>\n<p>Auteur: Editions LEPAYS<br \/>\n<a href=\"https:\/\/lepays.bf\/inauguration-du-stade-abdoulaye-wade-un-acte-qui-vaut-son-pesant-de-decrispation\/\">Cliquez ici pour lire l&rsquo;article depuis sa source.<\/a><\/p>\n","protected":false},"excerpt":{"rendered":"<p>C\u2019est devant un parterre d\u2019invit\u00e9s de marque au nombre desquels l\u2019on comptait plusieurs chefs d\u2019Etat, notamment celui de la R\u00e9publique f\u00e9d\u00e9rale d\u2019Allemagne, Frank-Walter Steinmeier, de la Turquie, Recep Tayyip Erdogan, du Rwanda, Paul Kagame, de la Gambie, Adama Barrow, de la Guin\u00e9e-Bissau, Umaro Sissoco Embalo [\u2026] L\u2019article INAUGURATION DU STADE ABDOULAYE WADE : Un acte [&hellip;]<\/p>\n","protected":false},"author":1813,"featured_media":0,"comment_status":"closed","ping_status":"closed","sticky":false,"template":"","format":"standard","meta":{"fifu_image_url":"https:\/\/lepays.bf\/wp-content\/uploads\/2022\/02\/STADE.jpg","fifu_image_alt":"INAUGURATION DU STADE ABDOULAYE WADE : Un acte qui vaut son pesant\u2026.de d\u00e9crispation","footnotes":""},"categories":[73,81],"tags":[],"class_list":["post-141490","post","type-post","status-publish","format-standard","hentry","category-actualite","category-burkina-faso"],"_links":{"self":[{"href":"https:\/\/linitiative.ca\/International\/wp-json\/wp\/v2\/posts\/141490","targetHints":{"allow":["GET"]}}],"collection":[{"href":"https:\/\/linitiative.ca\/International\/wp-json\/wp\/v2\/posts"}],"about":[{"href":"https:\/\/linitiative.ca\/International\/wp-json\/wp\/v2\/types\/post"}],"author":[{"embeddable":true,"href":"https:\/\/linitiative.ca\/International\/wp-json\/wp\/v2\/users\/1813"}],"replies":[{"embeddable":true,"href":"https:\/\/linitiative.ca\/International\/wp-json\/wp\/v2\/comments?post=141490"}],"version-history":[{"count":0,"href":"https:\/\/linitiative.ca\/International\/wp-json\/wp\/v2\/posts\/141490\/revisions"}],"wp:attachment":[{"href":"https:\/\/linitiative.ca\/International\/wp-json\/wp\/v2\/media?parent=141490"}],"wp:term":[{"taxonomy":"category","embeddable":true,"href":"https:\/\/linitiative.ca\/International\/wp-json\/wp\/v2\/categories?post=141490"},{"taxonomy":"post_tag","embeddable":true,"href":"https:\/\/linitiative.ca\/International\/wp-json\/wp\/v2\/tags?post=141490"}],"curies":[{"name":"wp","href":"https:\/\/api.w.org\/{rel}","templated":true}]}}