{"id":141492,"date":"2022-02-22T15:07:35","date_gmt":"2022-02-22T20:07:35","guid":{"rendered":"https:\/\/linitiative.ca\/International\/envoi-annonce-de-soldats-tchadiens-au-mali-un-echange-de-bons-procedes-entre-putschistes\/"},"modified":"2022-02-22T15:07:35","modified_gmt":"2022-02-22T20:07:35","slug":"envoi-annonce-de-soldats-tchadiens-au-mali-un-echange-de-bons-procedes-entre-putschistes","status":"publish","type":"post","link":"https:\/\/linitiative.ca\/International\/envoi-annonce-de-soldats-tchadiens-au-mali-un-echange-de-bons-procedes-entre-putschistes\/","title":{"rendered":"ENVOI ANNONCE DE SOLDATS TCHADIENS\u00a0 AU MALI : Un \u00e9change de bons proc\u00e9d\u00e9s entre putschistes\u00a0?"},"content":{"rendered":"<div>\n<p><img loading=\"lazy\" decoding=\"async\" width=\"1000\" height=\"750\" src=\"https:\/\/linitiative.ca\/International\/wp-content\/uploads\/sites\/23\/2022\/02\/TCHAD.jpg\" class=\"attachment- size- wp-post-image\" alt=\"\" style=\"float:left; margin:0 15px 15px 0;\" srcset=\"https:\/\/linitiative.ca\/International\/wp-content\/uploads\/sites\/23\/2022\/02\/TCHAD.jpg 1000w, https:\/\/lepays.bf\/wp-content\/uploads\/2022\/02\/TCHAD-300x225.jpg 300w, https:\/\/lepays.bf\/wp-content\/uploads\/2022\/02\/TCHAD-768x576.jpg 768w, https:\/\/lepays.bf\/wp-content\/uploads\/2022\/02\/TCHAD-800x600.jpg 800w\" sizes=\"auto, (max-width: 1000px) 100vw, 1000px\">Trois jours apr\u00e8s l\u2019annonce par la France et ses partenaires europ\u00e9ens de leur retrait militaire du Mali, le Pr\u00e9sident de la transition du Tchad, Mahamat Idriss Deby, dans une interview accord\u00e9e \u00e0 la radio-t\u00e9l\u00e9vision d\u2019Etat, a annonc\u00e9 l\u2019envoi d\u2019un effectif de 1000 soldats suppl\u00e9mentaires\u00a0 de [\u2026]<\/p>\n<p>L\u2019article <a rel=\"nofollow\" href=\"https:\/\/lepays.bf\/envoi-annonce-de-soldats-tchadiens-au-mali-un-echange-de-bons-procedes-entre-putschistes\/\">ENVOI ANNONCE DE SOLDATS TCHADIENS\u00a0 AU MALI : Un \u00e9change de bons proc\u00e9d\u00e9s entre putschistes\u00a0?<\/a> est apparu en premier sur <a rel=\"nofollow\" href=\"https:\/\/lepays.bf\/\">Editions Le Pays<\/a>.<\/p>\n<\/div>\n<p>Auteur: Editions LEPAYS<br \/>\n<a href=\"https:\/\/lepays.bf\/envoi-annonce-de-soldats-tchadiens-au-mali-un-echange-de-bons-procedes-entre-putschistes\/\">Cliquez ici pour lire l&rsquo;article depuis sa source.<\/a><\/p>\n","protected":false},"excerpt":{"rendered":"<p>Trois jours apr\u00e8s l\u2019annonce par la France et ses partenaires europ\u00e9ens de leur retrait militaire du Mali, le Pr\u00e9sident de la transition du Tchad, Mahamat Idriss Deby, dans une interview accord\u00e9e \u00e0 la radio-t\u00e9l\u00e9vision d\u2019Etat, a annonc\u00e9 l\u2019envoi d\u2019un effectif de 1000 soldats suppl\u00e9mentaires\u00a0 de [\u2026] L\u2019article ENVOI ANNONCE DE SOLDATS TCHADIENS\u00a0 AU MALI : [&hellip;]<\/p>\n","protected":false},"author":1813,"featured_media":0,"comment_status":"closed","ping_status":"closed","sticky":false,"template":"","format":"standard","meta":{"fifu_image_url":"https:\/\/lepays.bf\/wp-content\/uploads\/2022\/02\/TCHAD.jpg","fifu_image_alt":"ENVOI ANNONCE DE SOLDATS TCHADIENS\u00a0 AU MALI : Un \u00e9change de bons proc\u00e9d\u00e9s entre putschistes\u00a0?","footnotes":""},"categories":[73,81],"tags":[],"class_list":["post-141492","post","type-post","status-publish","format-standard","hentry","category-actualite","category-burkina-faso"],"_links":{"self":[{"href":"https:\/\/linitiative.ca\/International\/wp-json\/wp\/v2\/posts\/141492","targetHints":{"allow":["GET"]}}],"collection":[{"href":"https:\/\/linitiative.ca\/International\/wp-json\/wp\/v2\/posts"}],"about":[{"href":"https:\/\/linitiative.ca\/International\/wp-json\/wp\/v2\/types\/post"}],"author":[{"embeddable":true,"href":"https:\/\/linitiative.ca\/International\/wp-json\/wp\/v2\/users\/1813"}],"replies":[{"embeddable":true,"href":"https:\/\/linitiative.ca\/International\/wp-json\/wp\/v2\/comments?post=141492"}],"version-history":[{"count":0,"href":"https:\/\/linitiative.ca\/International\/wp-json\/wp\/v2\/posts\/141492\/revisions"}],"wp:attachment":[{"href":"https:\/\/linitiative.ca\/International\/wp-json\/wp\/v2\/media?parent=141492"}],"wp:term":[{"taxonomy":"category","embeddable":true,"href":"https:\/\/linitiative.ca\/International\/wp-json\/wp\/v2\/categories?post=141492"},{"taxonomy":"post_tag","embeddable":true,"href":"https:\/\/linitiative.ca\/International\/wp-json\/wp\/v2\/tags?post=141492"}],"curies":[{"name":"wp","href":"https:\/\/api.w.org\/{rel}","templated":true}]}}