{"id":141498,"date":"2022-02-22T17:30:33","date_gmt":"2022-02-22T22:30:33","guid":{"rendered":"https:\/\/linitiative.ca\/International\/football-la-crise-senlise-a-la-fbf\/"},"modified":"2022-02-22T17:30:33","modified_gmt":"2022-02-22T22:30:33","slug":"football-la-crise-senlise-a-la-fbf","status":"publish","type":"post","link":"https:\/\/linitiative.ca\/International\/football-la-crise-senlise-a-la-fbf\/","title":{"rendered":"Football  : la crise s\u2019enlise \u00e0 la FBF"},"content":{"rendered":"<div>\n<p><strong>Une r\u00e9union du comit\u00e9 ex\u00e9cutif de la F\u00e9d\u00e9ration burkinab\u00e8 de football (FBF) s\u2019est tenue, le lundi 21 f\u00e9vrier 2022, dans climat de crise. Une dizaine de membres ont claqu\u00e9 la porte pour d\u00e9noncer certaines discordances au sein du comit\u00e9. <\/strong><\/p>\n<figure id=\"attachment_45967\" aria-describedby=\"caption-attachment-45967\" style=\"width: 297px\" class=\"wp-caption alignleft\"><img loading=\"lazy\" decoding=\"async\" class=\"wp-image-45967 size-medium\" src=\"https:\/\/linitiative.ca\/International\/wp-content\/uploads\/sites\/23\/2022\/02\/3-8-297x300-1.jpg\" alt=\"\" width=\"297\" height=\"300\" srcset=\"https:\/\/linitiative.ca\/International\/wp-content\/uploads\/sites\/23\/2022\/02\/3-8-297x300-1.jpg 297w, https:\/\/www.sidwaya.info\/wp-content\/uploads\/2022\/02\/3-8-150x152.jpg 150w, https:\/\/www.sidwaya.info\/wp-content\/uploads\/2022\/02\/3-8-300x304.jpg 300w, https:\/\/www.sidwaya.info\/wp-content\/uploads\/2022\/02\/3-8-415x420.jpg 415w, https:\/\/www.sidwaya.info\/wp-content\/uploads\/2022\/02\/3-8.jpg 595w\" sizes=\"auto, (max-width: 297px) 100vw, 297px\"><figcaption id=\"caption-attachment-45967\" class=\"wp-caption-text\">Le porte-parole des dissidents, Jean-Claude Ramd\u00e9 : \u00ab les textes disent qu\u2019il faut 12 membres du comit\u00e9 ex\u00e9cutif pour que les d\u00e9cisions soient valid\u00e9es \u00bb.<\/figcaption><\/figure>\n<p>Bilan de la Coupe d\u2019Afrique des Nations (CAN) TotalEnergies Cameroun 2021, informations relatives au non-renouvellement des contrats des entra\u00eeneurs des Etalons A \u00e9taient, entre autres, les points inscrits \u00e0 l\u2019ordre du jour de la r\u00e9union du comit\u00e9 ex\u00e9cutif de la F\u00e9d\u00e9ration burkinab\u00e8 de football (FBF) dans la soir\u00e9e du lundi 21 f\u00e9vrier 2022 \u00e0 Ouagadougou. Mais avant, dans la matin\u00e9e, la justice avait ordonn\u00e9 au pr\u00e9sident de la FBF Lazare Banss\u00e9 de r\u00e9int\u00e9grer les quatre membres r\u00e9voqu\u00e9s le 15 octobre 2021, sous peine d\u2019\u00eatre financi\u00e8rement sanctionn\u00e9. Ce qui a \u00e9t\u00e9 fait avec des invitations \u00e0 eux envoy\u00e9s pour la r\u00e9union pr\u00e9vue pour 18h, dans un restaurant de Ouaga 2000. La rencontre a, \u00e0 peine commenc\u00e9 que (moins de 3 quarts d\u2019heures apr\u00e8s), dix membres sur les dix-huit pr\u00e9sents dans la salle claquent la porte. Ils quittent la salle, brandissant trois arguments pour justifier leur acte. Il s\u2019agit selon leur porte-parole, Jean Claude Ramd\u00e9 (qui fait partie des quatre personnes r\u00e9voqu\u00e9es en octobre 2022), de la pr\u00e9sence de deux personnes qui ne sont pas membres du comit\u00e9 ex\u00e9cutif que le pr\u00e9sident aurait refus\u00e9 de faire sortir. Le 2e point d\u2019achoppement est le non-respect du d\u00e9lai de convocation des quatre membres r\u00e9int\u00e9gr\u00e9s du matin.<\/p>\n<h2><strong>Bient\u00f4t un entraineur int\u00e9rimaire pour les Etalons<\/strong><\/h2>\n<p>Pour M. Ramd\u00e9, les convocations devaient leur parvenir sept jours au plus tard avant la r\u00e9union. Il avoue que lui et les trois autres n\u2019ont re\u00e7u les convocations qu\u2019\u00e0 14h, soit 4 heures avant la rencontre. La derni\u00e8re pomme de discorde est le temps de 2 heures requis pour la r\u00e9union, \u00ab insuffisants \u00bb selon Jean Claude Ramd\u00e9 pour \u00e9vacuer trois sujets importants. Car au pr\u00e9alable, il faut un bilan de toute sorte comme ceux financiers et moraux de la CAN. \u00ab Le comit\u00e9 ex\u00e9cutif est un organe de d\u00e9cision et nous ne t\u00f4lerons pas qu\u2019on vienne seulement nous dire pourquoi les contrats des entraineurs n\u2019ont pas \u00e9t\u00e9 renouvel\u00e9s alors que nous n\u2019avons pas \u00e9t\u00e9 associ\u00e9s \u00e0 la prise de d\u00e9cision \u00bb, a-t-il argument\u00e9. La r\u00e9union s\u2019est donc poursuivie avec seulement huit membres sur les vingt et un que compte le comit\u00e9 ex\u00e9cutif de la FBF, et des \u00ab d\u00e9cisions ont \u00e9t\u00e9 prises ainsi que des recommandations faites \u00bb. Cependant, les frondeurs indiquent que les d\u00e9cisions prises au cours de la r\u00e9union ne sauraient \u00eatre valides. \u00ab Les textes disent qu\u2019il faut 12 membres du comit\u00e9 ex\u00e9cutif pour que les d\u00e9cisions soient valid\u00e9es. Mais ils ne valent pas ce nombre \u00bb, a justifi\u00e9 Jean-Claude Ramd\u00e9.<\/p>\n<figure id=\"attachment_45966\" aria-describedby=\"caption-attachment-45966\" style=\"width: 300px\" class=\"wp-caption alignright\"><img decoding=\"async\" loading=\"lazy\" class=\"wp-image-45966 size-medium\" src=\"https:\/\/linitiative.ca\/International\/wp-content\/uploads\/sites\/23\/2022\/02\/2-19-300x167-1.jpg\" alt=\"\" width=\"300\" height=\"167\" srcset=\"https:\/\/linitiative.ca\/International\/wp-content\/uploads\/sites\/23\/2022\/02\/2-19-300x167-1.jpg 300w, https:\/\/www.sidwaya.info\/wp-content\/uploads\/2022\/02\/2-19-150x84.jpg 150w, https:\/\/www.sidwaya.info\/wp-content\/uploads\/2022\/02\/2-19.jpg 595w\" sizes=\"auto, (max-width: 300px) 100vw, 300px\"><figcaption id=\"caption-attachment-45966\" class=\"wp-caption-text\">Le 2e vice-pr\u00e9sident de la FBF, Issa Sidib\u00e9 : \u00ab une commission sera mise en place pour le choix du futur s\u00e9lectionneur national \u00bb.<\/figcaption><\/figure>\n<p>Pour le 2e vice-pr\u00e9sident de la FBF Issa Sidib\u00e9, \u00ab administrative-ment \u00bb, le contrat du s\u00e9lectionneur national Kamou Malo prend fin le 28 f\u00e9vrier prochain. \u00abUn cahier de charges sera mis en place avec des nouveaux objectifs et les r\u00e9sultats attendus. Cela sera soumis \u00e0 un appel d\u2019offre ouvert. Ce qui veut dire que Kamou Malo peut postuler comme d\u2019autres. Une commission sera en place pour le choix du futur s\u00e9lectionneur national \u00bb, a laiss\u00e9 entendre M. Sidib\u00e9. Il a inform\u00e9 que pour les deux matchs amicaux des Etalons les 26 et 29 mars prochains face respectivement au Kossovo et \u00e0 la Belgique, un entraineur int\u00e9rimaire sera d\u00e9sign\u00e9 pour conduire la mission. \u00ab La f\u00e9d\u00e9ration a des entra\u00eeneurs pour les autres \u00e9quipes nationales. Elle fera appel \u00e0 l\u2019un d\u2019eux pour assurer l\u2019int\u00e9rim \u00bb, a indiqu\u00e9 Issa Sidib\u00e9. En tous les cas, la s\u00e9r\u00e9nit\u00e9 est loin d\u2019\u00eatre de mise ces derni\u00e8res semaines au sein de la F\u00e9d\u00e9ration burkinab\u00e8 de football.<\/p>\n<p style=\"text-align: right\"><strong>Yves OUEDRAOGO <\/strong><\/p>\n<p>L\u2019article <a rel=\"nofollow\" href=\"https:\/\/www.sidwaya.info\/blog\/2022\/02\/22\/football-la-crise-senlise-a-la-fbf\/\">Football  : la crise s\u2019enlise \u00e0 la FBF<\/a> est apparu en premier sur <a rel=\"nofollow\" href=\"https:\/\/www.sidwaya.info\/\">Quotidien Sidwaya<\/a>.<\/p>\n<\/div>\n<p>Auteur: JK. Sidwaya<br \/>\n<a href=\"https:\/\/www.sidwaya.info\/blog\/2022\/02\/22\/football-la-crise-senlise-a-la-fbf\/?utm_source=rss&#038;utm_medium=rss&#038;utm_campaign=football-la-crise-senlise-a-la-fbf\">Cliquez ici pour lire l&rsquo;article depuis sa source.<\/a><\/p>\n","protected":false},"excerpt":{"rendered":"<p>Une r\u00e9union du comit\u00e9 ex\u00e9cutif de la F\u00e9d\u00e9ration burkinab\u00e8 de football (FBF) s\u2019est tenue, le lundi 21 f\u00e9vrier 2022, dans climat de crise. Une dizaine de membres ont claqu\u00e9 la porte pour d\u00e9noncer certaines discordances au sein du comit\u00e9. Le porte-parole des dissidents, Jean-Claude Ramd\u00e9 : \u00ab les textes disent qu\u2019il faut 12 membres du [&hellip;]<\/p>\n","protected":false},"author":1816,"featured_media":0,"comment_status":"closed","ping_status":"closed","sticky":false,"template":"","format":"standard","meta":{"fifu_image_url":"https:\/\/www.sidwaya.info\/wp-content\/uploads\/2022\/02\/3-8-297x300.jpg","fifu_image_alt":"Football  : la crise s\u2019enlise \u00e0 la FBF","footnotes":""},"categories":[73,81],"tags":[],"class_list":["post-141498","post","type-post","status-publish","format-standard","hentry","category-actualite","category-burkina-faso"],"_links":{"self":[{"href":"https:\/\/linitiative.ca\/International\/wp-json\/wp\/v2\/posts\/141498","targetHints":{"allow":["GET"]}}],"collection":[{"href":"https:\/\/linitiative.ca\/International\/wp-json\/wp\/v2\/posts"}],"about":[{"href":"https:\/\/linitiative.ca\/International\/wp-json\/wp\/v2\/types\/post"}],"author":[{"embeddable":true,"href":"https:\/\/linitiative.ca\/International\/wp-json\/wp\/v2\/users\/1816"}],"replies":[{"embeddable":true,"href":"https:\/\/linitiative.ca\/International\/wp-json\/wp\/v2\/comments?post=141498"}],"version-history":[{"count":0,"href":"https:\/\/linitiative.ca\/International\/wp-json\/wp\/v2\/posts\/141498\/revisions"}],"wp:attachment":[{"href":"https:\/\/linitiative.ca\/International\/wp-json\/wp\/v2\/media?parent=141498"}],"wp:term":[{"taxonomy":"category","embeddable":true,"href":"https:\/\/linitiative.ca\/International\/wp-json\/wp\/v2\/categories?post=141498"},{"taxonomy":"post_tag","embeddable":true,"href":"https:\/\/linitiative.ca\/International\/wp-json\/wp\/v2\/tags?post=141498"}],"curies":[{"name":"wp","href":"https:\/\/api.w.org\/{rel}","templated":true}]}}