{"id":141506,"date":"2022-02-22T11:18:04","date_gmt":"2022-02-22T16:18:04","guid":{"rendered":"https:\/\/linitiative.ca\/International\/plusieurs-personnalites-a-linauguration-du-stade-du-senegal\/"},"modified":"2022-02-22T11:18:04","modified_gmt":"2022-02-22T16:18:04","slug":"plusieurs-personnalites-a-linauguration-du-stade-du-senegal","status":"publish","type":"post","link":"https:\/\/linitiative.ca\/International\/plusieurs-personnalites-a-linauguration-du-stade-du-senegal\/","title":{"rendered":"Plusieurs personnalit\u00e9s \u00e0 l\u2019inauguration du Stade du S\u00e9n\u00e9gal"},"content":{"rendered":"<div>\n<p><img decoding=\"async\" width=\"300\" height=\"168\" src=\"https:\/\/linitiative.ca\/International\/wp-content\/uploads\/sites\/23\/2022\/02\/16455466848918.jpg\" class=\"attachment-post-thumbnail size-post-thumbnail wp-post-image\" alt=\"\" loading=\"lazy\" srcset=\"https:\/\/linitiative.ca\/International\/wp-content\/uploads\/sites\/23\/2022\/02\/16455466848918.jpg 300w, https:\/\/www.journalducameroun.com\/wp-content\/uploads\/2022\/02\/16455466848918-780x440.jpg 780w, https:\/\/www.journalducameroun.com\/wp-content\/uploads\/2022\/02\/16455466848918-160x90.jpg 160w, https:\/\/www.journalducameroun.com\/wp-content\/uploads\/2022\/02\/16455466848918-240x135.jpg 240w\" sizes=\"auto, (max-width: 300px) 100vw, 300px\"><\/p>\n<p>Le Stade du S\u00e9n\u00e9gal portera le nom de l&rsquo;ex-pr\u00e9sident, Me Abdoulaye Wade.Une pl\u00e9iade de personnalit\u00e9s sont invit\u00e9es, ce mardi apr\u00e8s-midi \u00e0 Diamniadio (30 km de Dakar), \u00e0 l&rsquo;inauguration du Stade du S\u00e9n\u00e9gal. L&rsquo;infrastructure construite par la soci\u00e9t\u00e9 turque Summa sera baptis\u00e9e Stade Me Abdoulaye Wade, du nom de l&rsquo;ex-pr\u00e9sident s\u00e9n\u00e9galais de 2000 \u00e0 2012.<\/p>\n<p>Ce stade, d&rsquo;un co\u00fbt de 155 milliards f cfa, est b\u00e2ti sur une surface de 88.000 m2. Sa capacit\u00e9 d&rsquo;accueil est de 50.000 places.<\/p>\n<p>Les pr\u00e9sidents allemand, Frank-Walter Steinmeier, et turc, Recep Tayyip Erdogan, sont convi\u00e9s \u00e0 la c\u00e9r\u00e9monie d&rsquo;inauguration. Ils seront aux c\u00f4t\u00e9s de leurs homologues du Rwanda, Paul Kagam\u00e9, gambien Adama Barrow, et lib\u00e9rien, Georges Weah.<\/p>\n<p>Pour le match de gala, d&rsquo;anciennes stars \u00e9trang\u00e8res du football dont Patrick Mboma, Yaya Tour\u00e9, Emmanuel Adebayor, Jay-Jay Okotcha, Samuel Etoo, Didier Drogba, Nwankwo Kanu sont annonc\u00e9es.<\/p>\n<p>Ces derniers vont affronter les anciennes gloires s\u00e9n\u00e9galaises du ballon rond comme El Hadj Diouf, Kalidou Fadiga, Ferdinand Coly, Moussa Ndiaye, Omar Daf, Aliou Ciss\u00e9, Salif Diao, Henry Camara, Diomansy Kamara et Tony Sylva.<\/p>\n<p>Cet article <a rel=\"nofollow\" href=\"https:\/\/www.journalducameroun.com\/plusieurs-personnalites-a-linauguration-du-stade-du-senegal\/\">Plusieurs personnalit\u00e9s \u00e0 l\u2019inauguration du Stade du S\u00e9n\u00e9gal<\/a> est apparu en premier sur <a rel=\"nofollow\" href=\"https:\/\/www.journalducameroun.com\/\">Journal du Cameroun<\/a>.<\/p>\n<\/div>\n<p>Auteur: APA News<br \/>\n<a href=\"https:\/\/www.journalducameroun.com\/plusieurs-personnalites-a-linauguration-du-stade-du-senegal\/\">Cliquez ici pour lire l&rsquo;article depuis sa source.<\/a><\/p>\n","protected":false},"excerpt":{"rendered":"<p>Le Stade du S\u00e9n\u00e9gal portera le nom de l&rsquo;ex-pr\u00e9sident, Me Abdoulaye Wade.Une pl\u00e9iade de personnalit\u00e9s sont invit\u00e9es, ce mardi apr\u00e8s-midi \u00e0 Diamniadio (30 km de Dakar), \u00e0 l&rsquo;inauguration du Stade du S\u00e9n\u00e9gal. L&rsquo;infrastructure construite par la soci\u00e9t\u00e9 turque Summa sera baptis\u00e9e Stade Me Abdoulaye Wade, du nom de l&rsquo;ex-pr\u00e9sident s\u00e9n\u00e9galais de 2000 \u00e0 2012. Ce [&hellip;]<\/p>\n","protected":false},"author":1965,"featured_media":0,"comment_status":"closed","ping_status":"closed","sticky":false,"template":"","format":"standard","meta":{"fifu_image_url":"https:\/\/www.journalducameroun.com\/wp-content\/uploads\/2022\/02\/16455466848918.jpg","fifu_image_alt":"Plusieurs personnalit\u00e9s \u00e0 l\u2019inauguration du Stade du S\u00e9n\u00e9gal","footnotes":""},"categories":[73,82],"tags":[],"class_list":["post-141506","post","type-post","status-publish","format-standard","hentry","category-actualite","category-cameroun"],"_links":{"self":[{"href":"https:\/\/linitiative.ca\/International\/wp-json\/wp\/v2\/posts\/141506","targetHints":{"allow":["GET"]}}],"collection":[{"href":"https:\/\/linitiative.ca\/International\/wp-json\/wp\/v2\/posts"}],"about":[{"href":"https:\/\/linitiative.ca\/International\/wp-json\/wp\/v2\/types\/post"}],"author":[{"embeddable":true,"href":"https:\/\/linitiative.ca\/International\/wp-json\/wp\/v2\/users\/1965"}],"replies":[{"embeddable":true,"href":"https:\/\/linitiative.ca\/International\/wp-json\/wp\/v2\/comments?post=141506"}],"version-history":[{"count":0,"href":"https:\/\/linitiative.ca\/International\/wp-json\/wp\/v2\/posts\/141506\/revisions"}],"wp:attachment":[{"href":"https:\/\/linitiative.ca\/International\/wp-json\/wp\/v2\/media?parent=141506"}],"wp:term":[{"taxonomy":"category","embeddable":true,"href":"https:\/\/linitiative.ca\/International\/wp-json\/wp\/v2\/categories?post=141506"},{"taxonomy":"post_tag","embeddable":true,"href":"https:\/\/linitiative.ca\/International\/wp-json\/wp\/v2\/tags?post=141506"}],"curies":[{"name":"wp","href":"https:\/\/api.w.org\/{rel}","templated":true}]}}