{"id":141508,"date":"2022-02-22T13:18:03","date_gmt":"2022-02-22T18:18:03","guid":{"rendered":"https:\/\/linitiative.ca\/International\/la-cedeao-lance-un-comite-regional-de-facilitation-des-echanges\/"},"modified":"2022-02-22T13:18:03","modified_gmt":"2022-02-22T18:18:03","slug":"la-cedeao-lance-un-comite-regional-de-facilitation-des-echanges","status":"publish","type":"post","link":"https:\/\/linitiative.ca\/International\/la-cedeao-lance-un-comite-regional-de-facilitation-des-echanges\/","title":{"rendered":"La Cedeao lance un Comit\u00e9 r\u00e9gional de facilitation des \u00e9changes"},"content":{"rendered":"<div>\n<p><img decoding=\"async\" width=\"223\" height=\"226\" src=\"https:\/\/linitiative.ca\/International\/wp-content\/uploads\/sites\/23\/2022\/02\/16455538849071.jpg\" class=\"attachment-post-thumbnail size-post-thumbnail wp-post-image\" alt=\"\" loading=\"lazy\" srcset=\"https:\/\/linitiative.ca\/International\/wp-content\/uploads\/sites\/23\/2022\/02\/16455538849071.jpg 223w, https:\/\/www.journalducameroun.com\/wp-content\/uploads\/2022\/02\/16455538849071-60x60.jpg 60w, https:\/\/www.journalducameroun.com\/wp-content\/uploads\/2022\/02\/16455538849071-100x100.jpg 100w\" sizes=\"auto, (max-width: 223px) 100vw, 223px\"><\/p>\n<p>L&rsquo;organe va coordonner les comit\u00e9s nationaux en charge de la libre circulation des biens et des personnes.L&rsquo;Afrique de l&rsquo;Ouest fait un pas de plus vers l&rsquo;int\u00e9gration \u00e9conomique. En effet, la capitale togolaise, Lom\u00e9, abrite depuis le 21 f\u00e9vrier dernier la premi\u00e8re r\u00e9union du Comit\u00e9 r\u00e9gional de facilitation des \u00e9changes (CRFE) de la Communaut\u00e9 \u00e9conomique des Etats de l&rsquo;Afrique de l&rsquo;Ouest (Cedeao). L&rsquo;activit\u00e9 qui dure trois jours, marque \u00e9galement le lancement officiel de ce nouvel organe communautaire.<\/p>\n<p>Sorte d&rsquo;institution fa\u00eeti\u00e8re des comit\u00e9s nationaux en charge de la libre circulation des biens et des personnes et compos\u00e9e de repr\u00e9sentants des minist\u00e8res du Commerce, des administrations des douanes et du secteur priv\u00e9, le CRFE doit servir de plateforme de coop\u00e9ration et de coordination, pour une mise en \u0153uvre harmonis\u00e9e des r\u00e9formes r\u00e9sultant des divers engagements.<\/p>\n<p>Selon le ministre togolais du Commerce, Kodjo Adedze, la mise en place du CRFE marque \u00ab une \u00e9tape d\u00e9cisive dans le renforcement de l&rsquo;int\u00e9gration commerciale dans l&rsquo;espace Cedeao\u00a0\u00bb car, \u00ab apr\u00e8s 47 ans de vie de l&rsquo;organisation commune, des obstacles, m\u00eame du moyen \u00e2ge, subsistent encore aux fronti\u00e8res et \u00e9loignent de l&rsquo;objectif \u00bb.<\/p>\n<p>\u00ab Il est donc imp\u00e9rieux que ces tracasseries inutiles d&rsquo;un autre \u00e2ge soient prises au s\u00e9rieux et bannies \u00bb, a-t-il indiqu\u00e9 \u00e0 l&rsquo;ouverture des travaux.<\/p>\n<p>Cet article <a rel=\"nofollow\" href=\"https:\/\/www.journalducameroun.com\/la-cedeao-lance-un-comite-regional-de-facilitation-des-echanges\/\">La Cedeao lance un Comit\u00e9 r\u00e9gional de facilitation des \u00e9changes<\/a> est apparu en premier sur <a rel=\"nofollow\" href=\"https:\/\/www.journalducameroun.com\/\">Journal du Cameroun<\/a>.<\/p>\n<\/div>\n<p>Auteur: APA News<br \/>\n<a href=\"https:\/\/www.journalducameroun.com\/la-cedeao-lance-un-comite-regional-de-facilitation-des-echanges\/\">Cliquez ici pour lire l&rsquo;article depuis sa source.<\/a><\/p>\n","protected":false},"excerpt":{"rendered":"<p>L&rsquo;organe va coordonner les comit\u00e9s nationaux en charge de la libre circulation des biens et des personnes.L&rsquo;Afrique de l&rsquo;Ouest fait un pas de plus vers l&rsquo;int\u00e9gration \u00e9conomique. En effet, la capitale togolaise, Lom\u00e9, abrite depuis le 21 f\u00e9vrier dernier la premi\u00e8re r\u00e9union du Comit\u00e9 r\u00e9gional de facilitation des \u00e9changes (CRFE) de la Communaut\u00e9 \u00e9conomique des [&hellip;]<\/p>\n","protected":false},"author":1965,"featured_media":0,"comment_status":"closed","ping_status":"closed","sticky":false,"template":"","format":"standard","meta":{"fifu_image_url":"https:\/\/www.journalducameroun.com\/wp-content\/uploads\/2022\/02\/16455538849071.jpg","fifu_image_alt":"La Cedeao lance un Comit\u00e9 r\u00e9gional de facilitation des \u00e9changes","footnotes":""},"categories":[73,82],"tags":[],"class_list":["post-141508","post","type-post","status-publish","format-standard","hentry","category-actualite","category-cameroun"],"_links":{"self":[{"href":"https:\/\/linitiative.ca\/International\/wp-json\/wp\/v2\/posts\/141508","targetHints":{"allow":["GET"]}}],"collection":[{"href":"https:\/\/linitiative.ca\/International\/wp-json\/wp\/v2\/posts"}],"about":[{"href":"https:\/\/linitiative.ca\/International\/wp-json\/wp\/v2\/types\/post"}],"author":[{"embeddable":true,"href":"https:\/\/linitiative.ca\/International\/wp-json\/wp\/v2\/users\/1965"}],"replies":[{"embeddable":true,"href":"https:\/\/linitiative.ca\/International\/wp-json\/wp\/v2\/comments?post=141508"}],"version-history":[{"count":0,"href":"https:\/\/linitiative.ca\/International\/wp-json\/wp\/v2\/posts\/141508\/revisions"}],"wp:attachment":[{"href":"https:\/\/linitiative.ca\/International\/wp-json\/wp\/v2\/media?parent=141508"}],"wp:term":[{"taxonomy":"category","embeddable":true,"href":"https:\/\/linitiative.ca\/International\/wp-json\/wp\/v2\/categories?post=141508"},{"taxonomy":"post_tag","embeddable":true,"href":"https:\/\/linitiative.ca\/International\/wp-json\/wp\/v2\/tags?post=141508"}],"curies":[{"name":"wp","href":"https:\/\/api.w.org\/{rel}","templated":true}]}}