{"id":141512,"date":"2022-02-22T16:18:03","date_gmt":"2022-02-22T21:18:03","guid":{"rendered":"https:\/\/linitiative.ca\/International\/stade-du-senegal-lentretien-lautre-defi-a-relever\/"},"modified":"2022-02-22T16:18:03","modified_gmt":"2022-02-22T21:18:03","slug":"stade-du-senegal-lentretien-lautre-defi-a-relever","status":"publish","type":"post","link":"https:\/\/linitiative.ca\/International\/stade-du-senegal-lentretien-lautre-defi-a-relever\/","title":{"rendered":"Stade du S\u00e9n\u00e9gal : l\u2019entretien, l\u2019autre d\u00e9fi \u00e0 relever"},"content":{"rendered":"<div>\n<p><img decoding=\"async\" width=\"1280\" height=\"960\" src=\"https:\/\/linitiative.ca\/International\/wp-content\/uploads\/sites\/23\/2022\/02\/16455646835022.jpg\" class=\"attachment-post-thumbnail size-post-thumbnail wp-post-image\" alt=\"\" loading=\"lazy\" srcset=\"https:\/\/linitiative.ca\/International\/wp-content\/uploads\/sites\/23\/2022\/02\/16455646835022.jpg 1280w, https:\/\/www.journalducameroun.com\/wp-content\/uploads\/2022\/02\/16455646835022-300x225.jpg 300w, https:\/\/www.journalducameroun.com\/wp-content\/uploads\/2022\/02\/16455646835022-1024x768.jpg 1024w, https:\/\/www.journalducameroun.com\/wp-content\/uploads\/2022\/02\/16455646835022-768x576.jpg 768w, https:\/\/www.journalducameroun.com\/wp-content\/uploads\/2022\/02\/16455646835022-587x440.jpg 587w, https:\/\/www.journalducameroun.com\/wp-content\/uploads\/2022\/02\/16455646835022-600x450.jpg 600w\" sizes=\"auto, (max-width: 1280px) 100vw, 1280px\"><\/p>\n<p>Le pr\u00e9sident Macky Sall a invit\u00e9 le monde du sport \u00e0 prendre soin de l&rsquo;infrastructure inaugur\u00e9e ce mardi.\u00ab Ce stade est le v\u00f4tre ! Maintenant qu&rsquo;il est en service, il nous reste \u00e0 gagner le pari de l&rsquo;entretien \u00bb.C&rsquo;est en ces termes que le chef de l&rsquo;\u00c9tat s\u00e9n\u00e9galais s&rsquo;est adress\u00e9 \u00e0 ses concitoyens pour les exhorter \u00e0 ne pas d\u00e9grader ce joyau.<\/p>\n<p>Car au-del\u00e0 de l&rsquo;aspect sportif, ce stade a une vocation socio-culturelle avec le mus\u00e9e Pape Bouba. Il abritera notamment le Ballon d&rsquo;or de la superstar Sadio Man\u00e9 gagn\u00e9 en 2019.<\/p>\n<p>Tout en se f\u00e9licitant du d\u00e9lai record de la construction, le pr\u00e9sident Sall a invit\u00e9 le secteur priv\u00e9 \u00e0 accompagner l&rsquo;\u00c9tat dans la r\u00e9alisation des infrastructures sportives pour soutenir la jeunesse s\u00e9n\u00e9galaise.<\/p>\n<p>Revenant sur les raisons de l&rsquo;attribution du nom du stade \u00e0 son pr\u00e9d\u00e9cesseur, Me Abdoulaye Wade, l&rsquo;actuel pr\u00e9sident a dit vouloir honorer le \u00ab parcours multidimensionnel \u00bb de celui-ci pour qu&rsquo;il serve de pont entre les a\u00een\u00e9s et la jeune g\u00e9n\u00e9ration.<\/p>\n<p>Cet article <a rel=\"nofollow\" href=\"https:\/\/www.journalducameroun.com\/stade-du-senegal-lentretien-lautre-defi-a-relever\/\">Stade du S\u00e9n\u00e9gal : l\u2019entretien, l\u2019autre d\u00e9fi \u00e0 relever<\/a> est apparu en premier sur <a rel=\"nofollow\" href=\"https:\/\/www.journalducameroun.com\/\">Journal du Cameroun<\/a>.<\/p>\n<\/div>\n<p>Auteur: APA News<br \/>\n<a href=\"https:\/\/www.journalducameroun.com\/stade-du-senegal-lentretien-lautre-defi-a-relever\/\">Cliquez ici pour lire l&rsquo;article depuis sa source.<\/a><\/p>\n","protected":false},"excerpt":{"rendered":"<p>Le pr\u00e9sident Macky Sall a invit\u00e9 le monde du sport \u00e0 prendre soin de l&rsquo;infrastructure inaugur\u00e9e ce mardi.\u00ab Ce stade est le v\u00f4tre ! Maintenant qu&rsquo;il est en service, il nous reste \u00e0 gagner le pari de l&rsquo;entretien \u00bb.C&rsquo;est en ces termes que le chef de l&rsquo;\u00c9tat s\u00e9n\u00e9galais s&rsquo;est adress\u00e9 \u00e0 ses concitoyens pour les [&hellip;]<\/p>\n","protected":false},"author":1965,"featured_media":0,"comment_status":"closed","ping_status":"closed","sticky":false,"template":"","format":"standard","meta":{"fifu_image_url":"https:\/\/www.journalducameroun.com\/wp-content\/uploads\/2022\/02\/16455646835022.jpg","fifu_image_alt":"Stade du S\u00e9n\u00e9gal : l\u2019entretien, l\u2019autre d\u00e9fi \u00e0 relever","footnotes":""},"categories":[73,82],"tags":[],"class_list":["post-141512","post","type-post","status-publish","format-standard","hentry","category-actualite","category-cameroun"],"_links":{"self":[{"href":"https:\/\/linitiative.ca\/International\/wp-json\/wp\/v2\/posts\/141512","targetHints":{"allow":["GET"]}}],"collection":[{"href":"https:\/\/linitiative.ca\/International\/wp-json\/wp\/v2\/posts"}],"about":[{"href":"https:\/\/linitiative.ca\/International\/wp-json\/wp\/v2\/types\/post"}],"author":[{"embeddable":true,"href":"https:\/\/linitiative.ca\/International\/wp-json\/wp\/v2\/users\/1965"}],"replies":[{"embeddable":true,"href":"https:\/\/linitiative.ca\/International\/wp-json\/wp\/v2\/comments?post=141512"}],"version-history":[{"count":0,"href":"https:\/\/linitiative.ca\/International\/wp-json\/wp\/v2\/posts\/141512\/revisions"}],"wp:attachment":[{"href":"https:\/\/linitiative.ca\/International\/wp-json\/wp\/v2\/media?parent=141512"}],"wp:term":[{"taxonomy":"category","embeddable":true,"href":"https:\/\/linitiative.ca\/International\/wp-json\/wp\/v2\/categories?post=141512"},{"taxonomy":"post_tag","embeddable":true,"href":"https:\/\/linitiative.ca\/International\/wp-json\/wp\/v2\/tags?post=141512"}],"curies":[{"name":"wp","href":"https:\/\/api.w.org\/{rel}","templated":true}]}}