{"id":141516,"date":"2022-02-22T11:14:27","date_gmt":"2022-02-22T16:14:27","guid":{"rendered":"https:\/\/linitiative.ca\/International\/secteur-de-lelectricite-la-beac-annonce-des-perspectives-prometteuses-dans-le-segment-de-la-production-au-1er-trimestre\/"},"modified":"2022-02-22T11:14:27","modified_gmt":"2022-02-22T16:14:27","slug":"secteur-de-lelectricite-la-beac-annonce-des-perspectives-prometteuses-dans-le-segment-de-la-production-au-1er-trimestre","status":"publish","type":"post","link":"https:\/\/linitiative.ca\/International\/secteur-de-lelectricite-la-beac-annonce-des-perspectives-prometteuses-dans-le-segment-de-la-production-au-1er-trimestre\/","title":{"rendered":"Secteur de l\u2019\u00e9lectricit\u00e9 : la Beac annonce des perspectives prometteuses dans le segment de la production au 1er trimestre"},"content":{"rendered":"<div>\n<p>Dans son test pr\u00e9visionnel de conjoncture de la Communaut\u00e9 Economique des Etats de l\u2019Afrique Centrale (Cemac) rendu public le 6 f\u00e9vrier dernier, la Banque des Etats de l\u2019Afrique Centrale (Beac) analyse les perspectives \u00e9conomiques dans divers secteurs d\u2019activit\u00e9 pour le compte du premier trimestre 2022, parmi lesquels celui de l\u2019\u00e9nergie \u00e9lectrique. Pour les trois premiers mois de l\u2019ann\u00e9e, elle indique que les perspectives dans ce secteur dans les six Etats de la sous-r\u00e9gion s\u2019annoncent relativement contrast\u00e9es, \u00ab avec d\u2019une part, un recul des coupures d\u2019\u00e9nergie et, d\u2019autre part, d\u2019importantes difficult\u00e9s structurelles affectant l\u2019offre d\u2019\u00e9nergie \u00e9lectrique \u00bb. Cette perception g\u00e9n\u00e9rale de la situation du secteur connaitra tout de m\u00eame une embellie avec un rel\u00e8vement dans le segment de la production au Cameroun durant le premier trimestre. La Beac rapporte que ces perspectives prometteuses sont sous-tendues par des indicateurs collect\u00e9es aupr\u00e8s de l\u2019entreprise Energy of Cameroon (Eneo), le concessionnaire en charge de la distribution de l\u2019\u00e9nergie \u00e9lectrique au Cameroun, et non moins leader du segment de la production.<\/p>\n<p><strong>Lire aussi<\/strong> : <strong><a href=\"https:\/\/ecomatin.net\/energie-electrique-apres-une-relative-stabilite-durant-t-la-can-eneo-annonce-le-retour-des-delestages-dans-le-septentrion\/\">Energie \u00e9lectrique\u00a0: apr\u00e8s une relative stabilit\u00e9 durant la CAN, Eneo annonce le retour des d\u00e9lestages dans le Septentrion<\/a><\/strong><\/p>\n<p>L\u2019institution financi\u00e8re sous-r\u00e9gionale n\u2019est pas assez explicite sur les facteurs qui contribueraient \u00e0 booster la production au premier trimestre. Il faut cependant relever que le leader de la distribution a cr\u00e9\u00e9 en 2021 une nouvelle entit\u00e9 en charge de la production, d\u00e9nomm\u00e9e Eneo-Genco. Cette innovation participe du \u00ab d\u00e9groupage \u00bb des activit\u00e9s de l\u2019entreprise Eneo, conform\u00e9ment \u00e0 la loi n\u00b02011\/022 du 14 d\u00e9cembre 2011 r\u00e9gissant le secteur de l\u2019\u00e9lectricit\u00e9. Concr\u00e8tement, la filiale d\u2019Eneo intervient dans ses activit\u00e9s de production d\u2019\u00e9nergie, avec notamment la gestion de ses centrales \u00e9lectriques, alors que cette pr\u00e9rogative \u00e9tait juridiquement d\u00e9volue \u00e0 Eneo dont les actions sont majoritairement d\u00e9tenues par le britannique Actis. D\u2019apr\u00e8s le rapport 2020 d\u2019Eneo, l\u2019entreprise assure 65,42% de la production dans le mix \u00e9nerg\u00e9tique du pays. Eneo-Genco a pris la rel\u00e8ve pour tenter d\u2019augmenter cette capacit\u00e9 de production. Quatre autres acteurs op\u00e8rent dans la production, en l\u2019occurrence Memve\u2019Ele via Electricity Development Corporation (13,82%), Kribi Power Development Corporation (14,15%), Dibamba Power Development Corporation (5,63%) et Aggreko (0,98%).<\/p>\n<p><strong>Lire aussi<\/strong> : <strong><a href=\"https:\/\/ecomatin.net\/secteur-de-lelectricite-eneo-a-fourni-70-denergie-electrique-consommee-en-2021\/\">Secteur de l\u2019\u00e9lectricit\u00e9 : Eneo a fourni 70% d\u2019\u00e9nergie \u00e9lectrique consomm\u00e9e en 2021<\/a><\/strong><\/p>\n<p>Au demeurant, la Beac rapporte que Eneo continue de nourrir des inqui\u00e9tudes sur les risques sans cesse grandissant qui ont souvent plomb\u00e9 son d\u00e9ploiement, notamment la fraude \u00e9lectrique, des actes de vandalisme, et des lenteurs administratives dans les proc\u00e9dures de d\u00e9douanement des mat\u00e9riels de production \u00e0 l\u2019importation. Le concessionnaire du secteur de l\u2019\u00e9lectricit\u00e9 indiquait en 2021 que 30% de l\u2019\u00e9nergie distribu\u00e9e est absorb\u00e9e par les r\u00e9seaux non conventionnels et les pratiques irr\u00e9guli\u00e8res. Cette proportion repr\u00e9sente une perte estim\u00e9e \u00e0 60 milliards de FCFA par an. Eneo accuse aussi des actes de vandalisme sur le r\u00e9seau de distribution \u00e0 Yaound\u00e9-Sud, \u00e0 l\u2019origine du d\u00e9ficit \u00e9nerg\u00e9tique dans le RIS (R\u00e9seau Interconnect\u00e9 Sud), non sans oublier le ph\u00e9nom\u00e8ne des feux de brousse qui a d\u00e9truit certaines de ses installations. Au demeurant, le concessionnaire du service public de la distribution de l\u2019\u00e9lectricit\u00e9 indique que conform\u00e9ment \u00e0 son plan d\u2019investissement 2021-2022 avec la mobilisation de 100 milliards de FCFA aupr\u00e8s des banques locales, les coupures devront se multiplier car, argumente-t-il, \u00ab pour am\u00e9liorer le service, les interruptions de la fourniture sont in\u00e9vitables \u00bb.<\/p>\n<p><strong>Lire aussi<\/strong> : <strong><a href=\"https:\/\/ecomatin.net\/investissements-eneo-dresse-un-premier-bilan-des-100-milliards-de-f-leves-aupres-de-8-banques\/\">Investissements : Eneo dresse un premier bilan des 100 milliards de F lev\u00e9s aupr\u00e8s de 8 banques<\/a><\/strong><\/p>\n<p>L\u2019article <a rel=\"nofollow\" href=\"https:\/\/ecomatin.net\/secteur-de-lelectricite-la-beac-annonce-des-perspectives-prometteuses-dans-le-segment-de-la-production-au-1er-trimestre\/\">Secteur de l\u2019\u00e9lectricit\u00e9 : la Beac annonce des perspectives prometteuses dans le segment de la production au 1er trimestre<\/a> est apparu en premier sur <a rel=\"nofollow\" href=\"https:\/\/ecomatin.net\/\">EcoMatin<\/a>.<\/p>\n<\/div>\n<p>Auteur: Yannick KENNE<br \/>\n<a href=\"https:\/\/ecomatin.net\/secteur-de-lelectricite-la-beac-annonce-des-perspectives-prometteuses-dans-le-segment-de-la-production-au-1er-trimestre\/\">Cliquez ici pour lire l&rsquo;article depuis sa source.<\/a><\/p>\n","protected":false},"excerpt":{"rendered":"<p>Dans son test pr\u00e9visionnel de conjoncture de la Communaut\u00e9 Economique des Etats de l\u2019Afrique Centrale (Cemac) rendu public le 6 f\u00e9vrier dernier, la Banque des Etats de l\u2019Afrique Centrale (Beac) analyse les perspectives \u00e9conomiques dans divers secteurs d\u2019activit\u00e9 pour le compte du premier trimestre 2022, parmi lesquels celui de l\u2019\u00e9nergie \u00e9lectrique. Pour les trois premiers [&hellip;]<\/p>\n","protected":false},"author":1969,"featured_media":0,"comment_status":"closed","ping_status":"closed","sticky":false,"template":"","format":"standard","meta":{"fifu_image_url":"","fifu_image_alt":"","footnotes":""},"categories":[82,78],"tags":[],"class_list":["post-141516","post","type-post","status-publish","format-standard","hentry","category-cameroun","category-economie"],"_links":{"self":[{"href":"https:\/\/linitiative.ca\/International\/wp-json\/wp\/v2\/posts\/141516","targetHints":{"allow":["GET"]}}],"collection":[{"href":"https:\/\/linitiative.ca\/International\/wp-json\/wp\/v2\/posts"}],"about":[{"href":"https:\/\/linitiative.ca\/International\/wp-json\/wp\/v2\/types\/post"}],"author":[{"embeddable":true,"href":"https:\/\/linitiative.ca\/International\/wp-json\/wp\/v2\/users\/1969"}],"replies":[{"embeddable":true,"href":"https:\/\/linitiative.ca\/International\/wp-json\/wp\/v2\/comments?post=141516"}],"version-history":[{"count":0,"href":"https:\/\/linitiative.ca\/International\/wp-json\/wp\/v2\/posts\/141516\/revisions"}],"wp:attachment":[{"href":"https:\/\/linitiative.ca\/International\/wp-json\/wp\/v2\/media?parent=141516"}],"wp:term":[{"taxonomy":"category","embeddable":true,"href":"https:\/\/linitiative.ca\/International\/wp-json\/wp\/v2\/categories?post=141516"},{"taxonomy":"post_tag","embeddable":true,"href":"https:\/\/linitiative.ca\/International\/wp-json\/wp\/v2\/tags?post=141516"}],"curies":[{"name":"wp","href":"https:\/\/api.w.org\/{rel}","templated":true}]}}