{"id":141517,"date":"2022-02-23T07:00:36","date_gmt":"2022-02-23T12:00:36","guid":{"rendered":"https:\/\/linitiative.ca\/International\/le-registre-national-de-lartisanat-lance\/"},"modified":"2022-02-23T07:00:36","modified_gmt":"2022-02-23T12:00:36","slug":"le-registre-national-de-lartisanat-lance","status":"publish","type":"post","link":"https:\/\/linitiative.ca\/International\/le-registre-national-de-lartisanat-lance\/","title":{"rendered":"Le Registre national de l\u2019artisanat lanc\u00e9"},"content":{"rendered":"<div>\n<p><img loading=\"lazy\" decoding=\"async\" width=\"300\" height=\"153\" src=\"https:\/\/linitiative.ca\/International\/wp-content\/uploads\/sites\/23\/2022\/02\/Artisanat-Maroc-300x153-1.jpg\" class=\"attachment-medium size-medium wp-post-image\" alt=\"\" srcset=\"https:\/\/linitiative.ca\/International\/wp-content\/uploads\/sites\/23\/2022\/02\/Artisanat-Maroc-300x153-1.jpg 300w, https:\/\/aujourdhui.ma\/wp-content\/uploads\/2022\/02\/Artisanat-Maroc-274x140.jpg 274w, https:\/\/aujourdhui.ma\/wp-content\/uploads\/2022\/02\/Artisanat-Maroc.jpg 746w, https:\/\/aujourdhui.ma\/wp-content\/uploads\/2022\/02\/Artisanat-Maroc-165x84.jpg 165w, https:\/\/aujourdhui.ma\/wp-content\/uploads\/2022\/02\/Artisanat-Maroc-702x358.jpg 702w\" sizes=\"auto, (max-width: 300px) 100vw, 300px\"><\/p>\n<p><span style=\"font-size: 20px; color: #800000;\"><strong>Un outil structurant pour la g\u00e9n\u00e9ralisation de l\u2019AMO<\/strong><\/span><span id=\"more-400616\"><\/span><\/p>\n<p>Le minist\u00e8re du tourisme, de l\u2019artisanat et de l\u2019\u00e9conomie sociale et solidaire, avec le lancement du Registre national de l\u2019artisanat (RNA), vient de d\u00e9ployer une mesure phare de sa feuille de route. \u00abCe registre, qui vient en application de la loi n\u00b0 50 \u2013 17 pour la r\u00e9organisation du secteur de l\u2019artisanat, est \u00e9galement un outil structurant pour la g\u00e9n\u00e9ralisation de l\u2019Assurance maladie obligatoire (AMO) aux artisans, voulue et impuls\u00e9e par Sa Majest\u00e9 le Roi, que Dieu l\u2019assiste\u00bb, indique un communiqu\u00e9 de la Direction de la pr\u00e9servation du patrimoine, de l\u2019innovation et la promotion (DPPIP) relevant du minist\u00e8re.<\/p>\n<p>Compl\u00e9tement d\u00e9mat\u00e9rialis\u00e9, accessible via la plateforme www.rna.gov.ma, ce registre a pour vocation de recenser tous les acteurs du secteur de l\u2019artisanat au Maroc. Il permettra ainsi \u00e0 chaque artisan, coop\u00e9rative ou entreprise exer\u00e7ant une activit\u00e9 dans le secteur de disposer d\u2019un num\u00e9ro d\u2019identit\u00e9 de l\u2019artisanat (NIA) qui lui conf\u00e9rera le statut officiel d\u2019artisan et lui permettra par cons\u00e9quent de b\u00e9n\u00e9ficier d\u2019une large panoplie de services offerts par la tutelle, tels que programmes de formation, participation aux foires et salons, labellisation des produits et services, aides pour acc\u00e9der aux march\u00e9s, etc. La mise en place du RNA vient concr\u00e9tiser les efforts du minist\u00e8re pour d\u00e9ployer le chantier national structurant et strat\u00e9gique, lanc\u00e9 sous l\u2019impulsion de Sa Majest\u00e9 le Roi, relatif \u00e0 la g\u00e9n\u00e9ralisation de l\u2019AMO \u00e0 tous les Marocains. En effet, l\u2019inscription au RNA permettra aux artisans de disposer du statut n\u00e9cessaire pour s\u2019inscrire au r\u00e9gime de l\u2019AMO pour les travailleurs non-salari\u00e9s g\u00e9r\u00e9 par la Caisse nationale de s\u00e9curit\u00e9 sociale (CNSS) et de b\u00e9n\u00e9ficier par cons\u00e9quent de la couverture m\u00e9dicale compl\u00e8te pour l\u2019artisan et sa famille, et ce, moyennant une cotisation de 135 DH\/mois.<\/p>\n<p>Afin d\u2019accompagner et d\u2019aider les artisans \u00e0 s\u2019inscrire au RNA dans les meilleurs d\u00e9lais, le minist\u00e8re a mobilis\u00e9 des moyens et ressources consid\u00e9rables sur l\u2019ensemble du territoire national. Ainsi, des cellules locales ont \u00e9t\u00e9 cr\u00e9\u00e9es dans toutes les r\u00e9gions du Royaume, compos\u00e9es du personnel du minist\u00e8re et des Chambres r\u00e9gionales d\u2019artisanat et compl\u00e9t\u00e9es par un effectif d\u2019appoint pour acc\u00e9l\u00e9rer la cadence d\u2019inscription. Les \u00e9quipements informatiques et logistiques sont \u00e9galement renforc\u00e9s et des caravanes sillonneront l\u2019ensemble du territoire national d\u00e8s les prochains jours.<\/p>\n<p>Le minist\u00e8re de tutelle a \u00e9galement pr\u00e9vu un large dispositif de communication pour informer et sensibiliser les artisans sur les avantages et les modalit\u00e9s d\u2019inscription au RNA et \u00e0 l\u2019AMO. Ainsi, une campagne de communication multimedia (radio, affichage urbain, d\u00e9pliants et guides didactiques, campagne digitale de vulgarisation, etc.) est lanc\u00e9e le 21 f\u00e9vrier.<\/p>\n<\/div>\n<p>Auteur: ALM<br \/>\n<a href=\"https:\/\/aujourdhui.ma\/economie\/le-registre-national-de-lartisanat-lance\">Cliquez ici pour lire l&rsquo;article depuis sa source.<\/a><\/p>\n","protected":false},"excerpt":{"rendered":"<p>Un outil structurant pour la g\u00e9n\u00e9ralisation de l\u2019AMO Le minist\u00e8re du tourisme, de l\u2019artisanat et de l\u2019\u00e9conomie sociale et solidaire, avec le lancement du Registre national de l\u2019artisanat (RNA), vient de d\u00e9ployer une mesure phare de sa feuille de route. \u00abCe registre, qui vient en application de la loi n\u00b0 50 \u2013 17 pour la [&hellip;]<\/p>\n","protected":false},"author":1759,"featured_media":0,"comment_status":"closed","ping_status":"closed","sticky":false,"template":"","format":"standard","meta":{"fifu_image_url":"https:\/\/aujourdhui.ma\/wp-content\/uploads\/2022\/02\/Artisanat-Maroc-300x153.jpg","fifu_image_alt":"Le Registre national de l\u2019artisanat lanc\u00e9","footnotes":""},"categories":[73,54],"tags":[],"class_list":["post-141517","post","type-post","status-publish","format-standard","hentry","category-actualite","category-maroc"],"_links":{"self":[{"href":"https:\/\/linitiative.ca\/International\/wp-json\/wp\/v2\/posts\/141517","targetHints":{"allow":["GET"]}}],"collection":[{"href":"https:\/\/linitiative.ca\/International\/wp-json\/wp\/v2\/posts"}],"about":[{"href":"https:\/\/linitiative.ca\/International\/wp-json\/wp\/v2\/types\/post"}],"author":[{"embeddable":true,"href":"https:\/\/linitiative.ca\/International\/wp-json\/wp\/v2\/users\/1759"}],"replies":[{"embeddable":true,"href":"https:\/\/linitiative.ca\/International\/wp-json\/wp\/v2\/comments?post=141517"}],"version-history":[{"count":0,"href":"https:\/\/linitiative.ca\/International\/wp-json\/wp\/v2\/posts\/141517\/revisions"}],"wp:attachment":[{"href":"https:\/\/linitiative.ca\/International\/wp-json\/wp\/v2\/media?parent=141517"}],"wp:term":[{"taxonomy":"category","embeddable":true,"href":"https:\/\/linitiative.ca\/International\/wp-json\/wp\/v2\/categories?post=141517"},{"taxonomy":"post_tag","embeddable":true,"href":"https:\/\/linitiative.ca\/International\/wp-json\/wp\/v2\/tags?post=141517"}],"curies":[{"name":"wp","href":"https:\/\/api.w.org\/{rel}","templated":true}]}}