{"id":141529,"date":"2022-02-23T10:37:03","date_gmt":"2022-02-23T15:37:03","guid":{"rendered":"https:\/\/linitiative.ca\/International\/regimes-de-retraite-plus-de-62-mmdh-de-cotisations-et-contributions-collectees-en-2020\/"},"modified":"2022-02-23T10:37:03","modified_gmt":"2022-02-23T15:37:03","slug":"regimes-de-retraite-plus-de-62-mmdh-de-cotisations-et-contributions-collectees-en-2020","status":"publish","type":"post","link":"https:\/\/linitiative.ca\/International\/regimes-de-retraite-plus-de-62-mmdh-de-cotisations-et-contributions-collectees-en-2020\/","title":{"rendered":"R\u00e9gimes de retraite: Plus de 62 MMDH de cotisations et contributions collect\u00e9es en 2020"},"content":{"rendered":"<div>\n<p><img loading=\"lazy\" decoding=\"async\" width=\"300\" height=\"153\" src=\"https:\/\/linitiative.ca\/International\/wp-content\/uploads\/sites\/23\/2022\/02\/cnss-300x153-2.jpg\" class=\"attachment-medium size-medium wp-post-image\" alt=\"\" srcset=\"https:\/\/linitiative.ca\/International\/wp-content\/uploads\/sites\/23\/2022\/02\/cnss-300x153-2.jpg 300w, https:\/\/aujourdhui.ma\/wp-content\/uploads\/2021\/07\/cnss-274x140.jpg 274w, https:\/\/aujourdhui.ma\/wp-content\/uploads\/2021\/07\/cnss.jpg 746w, https:\/\/aujourdhui.ma\/wp-content\/uploads\/2021\/07\/cnss-165x84.jpg 165w, https:\/\/aujourdhui.ma\/wp-content\/uploads\/2021\/07\/cnss-702x358.jpg 702w\" sizes=\"auto, (max-width: 300px) 100vw, 300px\"><\/p>\n<p><span style=\"color: #800000;\"><strong>Les r\u00e9gimes de retraite ont collect\u00e9, au titre de l\u2019ann\u00e9e 2020, un montant de 62,74 milliards de dirhams (MMDH) de cotisations et contributions, a indiqu\u00e9, mercredi \u00e0 Rabat, la ministre de l\u2019\u00c9conomie et des Finances, Nadia Fettah Alaoui.<\/strong><\/span><span id=\"more-400667\"><\/span><\/p>\n<p>\u00a0<\/p>\n<p>S\u2019exprimant lors d\u2019une journ\u00e9e d\u2019\u00e9tude initi\u00e9e sous le th\u00e8me \u00ab\u00a0La p\u00e9rennit\u00e9 des r\u00e9gimes de retraite \u00e0 l\u2019aune de la g\u00e9n\u00e9ralisation de la protection sociale\u00a0\u00bb \u00e0 la Chambre des repr\u00e9sentants, la ministre a relev\u00e9 que les prestations servies se sont \u00e9tablies, quant \u00e0 elles, \u00e0 67,9 MMDH, dont 32,6 MMDH de la Caisse marocaine des retraites (CMR) et 22,9 MMDH de la Caisse nationale de s\u00e9curit\u00e9 sociale (CNSS).<\/p>\n<p>\u00a0<\/p>\n<p>Elle a dans ce sens rappel\u00e9 que les actifs cotisants couverts par les r\u00e9gimes de retraite ont atteint, au titre de la m\u00eame ann\u00e9e, plus de 4,5 millions de personnes, ajoutant que l\u2019effectif des b\u00e9n\u00e9ficiaires \u00e9tait de plus de 1,4 million de personnes.<\/p>\n<p>\u00a0<\/p>\n<p>Mme Fettah a, en outre, expos\u00e9 les d\u00e9fis auxquels sont confront\u00e9s les r\u00e9gimes de retraites des secteurs public et priv\u00e9, relevant que le syst\u00e8me de retraite actuel est caract\u00e9ris\u00e9 par une h\u00e9t\u00e9rog\u00e9n\u00e9it\u00e9 \u00e0 plusieurs niveaux.<\/p>\n<p>\u00a0<\/p>\n<p>Faisant le point sur l\u2019\u00e9tat actuel du r\u00e9gime des pensions civiles apr\u00e8s la r\u00e9forme param\u00e9trique entr\u00e9e en vigueur en 2016, la ministre a soulev\u00e9 que le syst\u00e8me \u00e9puisera ses r\u00e9serves (70 MMDH) d\u2019ici 2028, pr\u00e9cisant que pour faire face \u00e0 ses obligations par la suite, la CMR aura besoin d\u2019environ 14 MMDH par an pour financer le d\u00e9ficit du syst\u00e8me.<\/p>\n<p>\u00a0<\/p>\n<p>\u00ab\u00a0Le niveau actuel du taux de cotisation (28%) et l\u2019\u00e2ge l\u00e9gal de d\u00e9part \u00e0 la retraite (63 ans) ne laissent qu\u2019une faible marge pour adopter une nouvelle r\u00e9forme param\u00e9trique\u00a0\u00bb, a-t-elle fait remarquer \u00e0 ce propos.<\/p>\n<p>\u00a0<\/p>\n<p>L\u2019horizon \u00e0 court terme de la p\u00e9rennit\u00e9 du syst\u00e8me rend l\u2019impact de la r\u00e9forme param\u00e9trique limit\u00e9 \u00e0 r\u00e9duire la dette implicite sans aborder la probl\u00e9matique de l\u2019\u00e9puisement des r\u00e9serves du syst\u00e8me, a poursuivi la ministre.<\/p>\n<p>\u00a0<\/p>\n<p>Et d\u2019ajouter : \u00ab\u00a0Le syst\u00e8me est actuellement \u00e9quilibr\u00e9 par rapport aux droits acquis apr\u00e8s la r\u00e9forme de 2016, la dette implicite actuelle \u00e9tant particuli\u00e8rement importante pour les droits acquis dans le pass\u00e9\u00a0\u00bb.<\/p>\n<p>\u00a0<\/p>\n<p>De son c\u00f4t\u00e9, le ministre d\u00e9l\u00e9gu\u00e9 charg\u00e9 du Budget, Faouzi Lakjaa, a indiqu\u00e9 que le financement de la protection sociale porte sur deux m\u00e9canismes, \u00e0 savoir un m\u00e9canisme bas\u00e9 sur la contribution (28 MMDH) destin\u00e9 aux personnes capables de contribuer au financement de la couverture sociale, et un second m\u00e9canisme bas\u00e9 sur la solidarit\u00e9 (23 MMDH), destin\u00e9 aux personnes qui n\u2019ont pas la capacit\u00e9 de contribuer au financement.<\/p>\n<p>\u00a0<\/p>\n<p>S\u2019agissant de la mise en \u0153uvre de la g\u00e9n\u00e9ralisation de l\u2019assurance maladie obligatoire de base, le ministre a relev\u00e9 que ce chantier a connu jusqu\u2019\u00e0 f\u00e9vrier 2022 l\u2019adh\u00e9sion de 561.898 travailleurs non-salari\u00e9s, contre 10.045 en octobre 2021, avec une moyenne d\u2019\u00e2ge de 50 ans, mettant en avant l\u2019imp\u00e9ratif de prendre les mesures n\u00e9cessaires pour atteindre les 3,2 millions adh\u00e9rents d\u2019ici fin juin.<\/p>\n<p>\u00a0<\/p>\n<p>Ceci passe notamment par la sensibilisation et la communication de la CNSS, mais \u00e9galement par la mobilisation des diff\u00e9rents d\u00e9partements minist\u00e9riels concern\u00e9s, a-t-il fait observer \u00e0 cet \u00e9gard.<\/p>\n<p>\u00a0<\/p>\n<p>Pour sa part, le pr\u00e9sident de la Commission des Finances et du d\u00e9veloppement \u00e9conomique \u00e0 la Chambre des repr\u00e9sentants, Mohamed Chaouki, a, \u00e0 cette occasion, pr\u00e9cis\u00e9 que les r\u00e9gimes de retraite au Maroc reposent, comme dans la plupart des pays dans le monde, sur le syst\u00e8me de r\u00e9partition qui est bas\u00e9 sur le principe de solidarit\u00e9 entre les g\u00e9n\u00e9rations.<\/p>\n<p>\u00a0<\/p>\n<p>Ces d\u00e9s\u00e9quilibres, a-t-il expliqu\u00e9, r\u00e9sident dans la modification de la structure des adh\u00e9rents aux diff\u00e9rents syst\u00e8mes, relevant que ceux-ci ont enregistr\u00e9 durant la derni\u00e8re d\u00e9cennie une augmentation des retrait\u00e9s contre un repli du nombre d\u2019adh\u00e9rents contributeurs.<\/p>\n<p>\u00a0<\/p>\n<\/div>\n<p>Auteur: ALM<br \/>\n<a href=\"https:\/\/aujourdhui.ma\/societe\/regimes-de-retraite-plus-de-62-mmdh-de-cotisations-et-contributions-collectees-en-2020\">Cliquez ici pour lire l&rsquo;article depuis sa source.<\/a><\/p>\n","protected":false},"excerpt":{"rendered":"<p>Les r\u00e9gimes de retraite ont collect\u00e9, au titre de l\u2019ann\u00e9e 2020, un montant de 62,74 milliards de dirhams (MMDH) de cotisations et contributions, a indiqu\u00e9, mercredi \u00e0 Rabat, la ministre de l\u2019\u00c9conomie et des Finances, Nadia Fettah Alaoui. \u00a0 S\u2019exprimant lors d\u2019une journ\u00e9e d\u2019\u00e9tude initi\u00e9e sous le th\u00e8me \u00ab\u00a0La p\u00e9rennit\u00e9 des r\u00e9gimes de retraite \u00e0 [&hellip;]<\/p>\n","protected":false},"author":1759,"featured_media":0,"comment_status":"closed","ping_status":"closed","sticky":false,"template":"","format":"standard","meta":{"fifu_image_url":"https:\/\/aujourdhui.ma\/wp-content\/uploads\/2021\/07\/cnss-300x153.jpg","fifu_image_alt":"R\u00e9gimes de retraite: Plus de 62 MMDH de cotisations et contributions collect\u00e9es en 2020","footnotes":""},"categories":[73,54],"tags":[],"class_list":["post-141529","post","type-post","status-publish","format-standard","hentry","category-actualite","category-maroc"],"_links":{"self":[{"href":"https:\/\/linitiative.ca\/International\/wp-json\/wp\/v2\/posts\/141529","targetHints":{"allow":["GET"]}}],"collection":[{"href":"https:\/\/linitiative.ca\/International\/wp-json\/wp\/v2\/posts"}],"about":[{"href":"https:\/\/linitiative.ca\/International\/wp-json\/wp\/v2\/types\/post"}],"author":[{"embeddable":true,"href":"https:\/\/linitiative.ca\/International\/wp-json\/wp\/v2\/users\/1759"}],"replies":[{"embeddable":true,"href":"https:\/\/linitiative.ca\/International\/wp-json\/wp\/v2\/comments?post=141529"}],"version-history":[{"count":0,"href":"https:\/\/linitiative.ca\/International\/wp-json\/wp\/v2\/posts\/141529\/revisions"}],"wp:attachment":[{"href":"https:\/\/linitiative.ca\/International\/wp-json\/wp\/v2\/media?parent=141529"}],"wp:term":[{"taxonomy":"category","embeddable":true,"href":"https:\/\/linitiative.ca\/International\/wp-json\/wp\/v2\/categories?post=141529"},{"taxonomy":"post_tag","embeddable":true,"href":"https:\/\/linitiative.ca\/International\/wp-json\/wp\/v2\/tags?post=141529"}],"curies":[{"name":"wp","href":"https:\/\/api.w.org\/{rel}","templated":true}]}}