{"id":141532,"date":"2022-02-22T13:00:00","date_gmt":"2022-02-22T18:00:00","guid":{"rendered":"https:\/\/linitiative.ca\/International\/en-quete-dun-nouveau-souffle\/"},"modified":"2022-02-22T13:00:00","modified_gmt":"2022-02-22T18:00:00","slug":"en-quete-dun-nouveau-souffle","status":"publish","type":"post","link":"https:\/\/linitiative.ca\/International\/en-quete-dun-nouveau-souffle\/","title":{"rendered":"En qu\u00eate d\u2019un nouveau souffle !"},"content":{"rendered":"<div>\n<p class=\"has-black-color has-text-color\"><strong>\u00ab Les prol\u00e9taires n\u2019ont rien \u00e0 perdre que leurs cha\u00eenes. Ils ont tout l\u2019univers \u00e0 gagner ! \u00bb, disait un jour, le philosophe allemand, Karl Marx, au c\u0153ur de l\u2019exploitation qui s\u00e9vissait, \u00e0 l\u2019\u00e9poque. De nos jours, rien n\u2019emp\u00eache d\u2019\u00e9largir le concept \u00ab prol\u00e9taire \u00bb, signifiant travailleur, terminologie typique de la th\u00e9orie marxiste, \u00e0 un terme encore plus courant qui renfermerait d\u2019autres couches sociales d\u00e9munies. La crise que traverse actuellement notre pays n\u2019est pas fatale ! Elle touche la majeure partie de la soci\u00e9t\u00e9, y compris la petite et moyenne souche sociale, aggrav\u00e9e par la s\u00e9cheresse et la chert\u00e9 \u00a0du co\u00fbt de la vie. Seule une minorit\u00e9 \u00e9triqu\u00e9e s\u2019accapare cyniquement toutes les richesses de la Nation.<\/strong><\/p>\n<p class=\"has-black-color has-text-color\">Certes, la disparit\u00e9 est au paroxysme ! Elle prolif\u00e8re particuli\u00e8rement aux d\u00e9pens des jeunes frapp\u00e9s par le ch\u00f4mage et le d\u00e9sespoir, s\u2019aggrave au sein des foyers abattus par la mis\u00e8re et le d\u00e9nuement, s\u2019accentue dans le milieu rural, sous la merci de l\u2019aust\u00e9rit\u00e9 de la nature\u2026Face \u00e0 cette d\u00e9chirure end\u00e9mique, le gouvernement est aux abonn\u00e9s absents et le Syst\u00e8me sous toutes ses formes, capitule dans le chaos\u2026Rien ne va socialement parlant, dans un Royaume qu\u2019on croyait engag\u00e9 dans le processus croissant de l\u2019\u00e9mergence ! A cette cadence, vers o\u00f9 s\u2019achemine cette nonchalance assassine. La d\u00e9mission totale de l\u2019Ex\u00e9cutif, plus que jamais pr\u00e9occupante, suscite le malaise et le d\u00e9sarroi collectifs.<\/p>\n<p class=\"has-black-color has-text-color\">Le paysage politique, d\u00e9missionnaire, dans sa globalit\u00e9, perd beaucoup de sa notori\u00e9t\u00e9 et ses rep\u00e8res, en particulier ceux qui d\u00e9tenaient les valeurs de la d\u00e9mocratie et du progr\u00e8s, lors des ann\u00e9es de gloire. Ceux de la \u00ab Maison \u00bb, on n\u2019en parle pas ! Les Institutions qu\u2019on pr\u00e9tend mettre en place pour r\u00e9pondre aux exigences du d\u00e9veloppement, s\u2019av\u00e8rent dysfonctionnelles et d\u00e9pendantes du bon vouloir des d\u00e9tenteurs des ficelles. La Constitution qu\u2019on s\u2019est attel\u00e9 \u00e0 enfanter pour rehausser la qualit\u00e9 de la gouvernance et optimiser le bon fonctionnement de l\u2019Etat de droit, semble vivre le m\u00eame sort de ses pr\u00e9d\u00e9cesseurs, bien rang\u00e9e dans les placards.<\/p>\n<p class=\"has-black-color has-text-color\">\u00ab\u00a0Il y a le feu dans la baraque\u00a0!\u00a0\u00bb, dit-on, dans le jargon populaire ! Le peuple, malmen\u00e9 et \u00e9touff\u00e9 par les affres de la vie au quotidien, appelle \u00e0 la rescousse ! Il n\u2019en peut plus et n\u2019a plus que les cha\u00eenes \u00e0 perdre. Il commence \u00e0 sortir dans la rue et crier sa souffrance, car les produits de premi\u00e8re n\u00e9cessit\u00e9 flambent, les hydrocarbures caracolent dans les abus les plus intol\u00e9rables, la pauvret\u00e9 et l\u2019exclusion sont aux paroxysmes. Le Maroc a besoin, dans l\u2019imm\u00e9diat, d\u2019un souffle nouveau, dans tous les aspects, pour \u00e9viter la d\u00e9rive imminente. Le champ politique national, bou\u00e9e de sauvetage et soupape de m\u00e9diation juste et imp\u00e9rative du redressement, est amen\u00e9 \u00e0 se lib\u00e9rer de la mainmise et se ressaisir pour de bon. En parall\u00e8le, la r\u00e9volution sociale \u00e0 laquelle aspirent les populations les plus d\u00e9sh\u00e9rit\u00e9es, et dont tout le monde est conscient, \u00e0 commencer par la plus Haute Autorit\u00e9, est capitale et ne tol\u00e8re aucun atermoiement\u2026On a donc tout un univers \u00e0 gagner !?<\/p>\n<p>L\u2019article <a rel=\"nofollow\" href=\"http:\/\/albayane.press.ma\/en-quete-dun-nouveau-souffle.html\">En qu\u00eate d\u2019un nouveau souffle !<\/a> est apparu en premier sur <a rel=\"nofollow\" href=\"http:\/\/albayane.press.ma\/\">ALBAYANE<\/a>.<\/p>\n<\/div>\n<p>Auteur: M&rsquo;hammed rahal<br \/>\n<a href=\"http:\/\/albayane.press.ma\/en-quete-dun-nouveau-souffle.html\">Cliquez ici pour lire l&rsquo;article depuis sa source.<\/a><\/p>\n","protected":false},"excerpt":{"rendered":"<p>\u00ab Les prol\u00e9taires n\u2019ont rien \u00e0 perdre que leurs cha\u00eenes. Ils ont tout l\u2019univers \u00e0 gagner ! \u00bb, disait un jour, le philosophe allemand, Karl Marx, au c\u0153ur de l\u2019exploitation qui s\u00e9vissait, \u00e0 l\u2019\u00e9poque. De nos jours, rien n\u2019emp\u00eache d\u2019\u00e9largir le concept \u00ab prol\u00e9taire \u00bb, signifiant travailleur, terminologie typique de la th\u00e9orie marxiste, \u00e0 un [&hellip;]<\/p>\n","protected":false},"author":1760,"featured_media":0,"comment_status":"closed","ping_status":"closed","sticky":false,"template":"","format":"standard","meta":{"fifu_image_url":"","fifu_image_alt":"","footnotes":""},"categories":[73,54],"tags":[],"class_list":["post-141532","post","type-post","status-publish","format-standard","hentry","category-actualite","category-maroc"],"_links":{"self":[{"href":"https:\/\/linitiative.ca\/International\/wp-json\/wp\/v2\/posts\/141532","targetHints":{"allow":["GET"]}}],"collection":[{"href":"https:\/\/linitiative.ca\/International\/wp-json\/wp\/v2\/posts"}],"about":[{"href":"https:\/\/linitiative.ca\/International\/wp-json\/wp\/v2\/types\/post"}],"author":[{"embeddable":true,"href":"https:\/\/linitiative.ca\/International\/wp-json\/wp\/v2\/users\/1760"}],"replies":[{"embeddable":true,"href":"https:\/\/linitiative.ca\/International\/wp-json\/wp\/v2\/comments?post=141532"}],"version-history":[{"count":0,"href":"https:\/\/linitiative.ca\/International\/wp-json\/wp\/v2\/posts\/141532\/revisions"}],"wp:attachment":[{"href":"https:\/\/linitiative.ca\/International\/wp-json\/wp\/v2\/media?parent=141532"}],"wp:term":[{"taxonomy":"category","embeddable":true,"href":"https:\/\/linitiative.ca\/International\/wp-json\/wp\/v2\/categories?post=141532"},{"taxonomy":"post_tag","embeddable":true,"href":"https:\/\/linitiative.ca\/International\/wp-json\/wp\/v2\/tags?post=141532"}],"curies":[{"name":"wp","href":"https:\/\/api.w.org\/{rel}","templated":true}]}}