{"id":141533,"date":"2022-02-22T13:00:00","date_gmt":"2022-02-22T18:00:00","guid":{"rendered":"https:\/\/linitiative.ca\/International\/ladoption-dune-vision-avancee-du-dialogue-social-condition-cle-pour-relever-les-defis-de-letat-social\/"},"modified":"2022-02-22T13:00:00","modified_gmt":"2022-02-22T18:00:00","slug":"ladoption-dune-vision-avancee-du-dialogue-social-condition-cle-pour-relever-les-defis-de-letat-social","status":"publish","type":"post","link":"https:\/\/linitiative.ca\/International\/ladoption-dune-vision-avancee-du-dialogue-social-condition-cle-pour-relever-les-defis-de-letat-social\/","title":{"rendered":"L\u2019adoption d\u2019une vision avanc\u00e9e du dialogue social, condition cl\u00e9 pour relever les d\u00e9fis de l\u2019Etat social"},"content":{"rendered":"<div>\n<p class=\"has-text-align-center has-vivid-cyan-blue-color has-text-color\"><strong>Sixi\u00e8me Forum parlementaire sur la justice sociale<\/strong><\/p>\n<p class=\"has-black-color has-text-color\"><strong>Les participants au sixi\u00e8me Forum parlementaire sur la justice sociale, qui a cl\u00f4tur\u00e9 lundi soir ses travaux, ont \u00e9t\u00e9 unanimes \u00e0 souligner l\u2019importance d\u2019adopter une vision avanc\u00e9e du dialogue social afin de relever les d\u00e9fis de l\u2019Etat social.<\/strong><\/p>\n<p class=\"has-black-color has-text-color\">Dans leur d\u00e9claration finale, publi\u00e9e \u00e0 l\u2019issue des travaux du Forum organis\u00e9 par la Chambre des Conseillers sous le Haut patronage de Sa Majest\u00e9 le Roi Mohammed VI, les participants ont soulign\u00e9 la centralit\u00e9 du dialogue social pour d\u00e9passer les difficult\u00e9s et les contraintes qui peuvent emp\u00eacher la r\u00e9alisation des objectifs escompt\u00e9s, soulignant que le dialogue social est la condition sine qua non pour l\u2019\u00e9tablissement de relations professionnelles et sociales justes et \u00e9quilibr\u00e9es.<\/p>\n<p class=\"has-black-color has-text-color\">Ils ont \u00e9galement affirm\u00e9 que la r\u00e9alisation de cet objectif, dans ses dimensions sociales, \u00e9conomiques et politiques, est une responsabilit\u00e9 partag\u00e9e entre l\u2019\u00c9tat, avec son syst\u00e8me juridique et ses structures administratives, les organes \u00e9lus au niveau national et local, les partenaires \u00e9conomiques et sociaux, et les acteurs de la soci\u00e9t\u00e9 civile.<\/p>\n<p class=\"has-black-color has-text-color\">Le Forum parlementaire a \u00e9galement appel\u00e9 \u00e0 l\u2019adoption d\u2019une approche m\u00e9thodique, efficace et alternative, bas\u00e9e sur le renouvellement des bases et des m\u00e9canismes du dialogue social, comme pr\u00e9lude pour atteindre l\u2019objectif de construction de l\u2019\u00c9tat social, tout en soulignant la responsabilit\u00e9 centrale et directe des parties au dialogue social tripartite pour baliser le terrain \u00e0 des relations sociales \u00e9quilibr\u00e9es.<\/p>\n<p class=\"has-black-color has-text-color\">Il a aussi appel\u00e9 \u00e0 ce que les parties au dialogue social, notamment les \u00e9lites politiques, \u00e9conomiques et sociales, acceptent les concessions et \u00e9laborent des solutions innovantes, en faveur de la paix sociale, de la pr\u00e9servation des capacit\u00e9s de production des entreprises d\u2019une part, et des droits et int\u00e9r\u00eats vitaux de la classe ouvri\u00e8re d\u2019autre part.<\/p>\n<p class=\"has-black-color has-text-color\">\u00c0 cet \u00e9gard, le sixi\u00e8me Forum parlementaire pour la justice sociale a salu\u00e9 l\u2019importance d\u2019impliquer les forces vives de la soci\u00e9t\u00e9 civile, qui sont connues pour leur dynamisme, leur efficacit\u00e9 et leur contribution efficace, en tant que force de proposition capable d\u2019apporter des solutions ad\u00e9quates \u00e0 m\u00eame de maintenir l\u2019\u00e9quilibre des relations professionnelles.<\/p>\n<p class=\"has-black-color has-text-color\">Le Forum a propos\u00e9, d\u2019autre part, un certain nombre de recommandations d\u2019ordre proc\u00e9dural et pratique de nature \u00e0 donner une forte impulsion \u00e0 un dialogue social ouvert au acteurs de la soci\u00e9t\u00e9 civile et qui traduit les pr\u00e9occupations de d\u00e9veloppement.<\/p>\n<p class=\"has-black-color has-text-color\">Ces recommandations concernent le suivi des travaux et des r\u00e9sultats du dialogue social et le renforcement de ses fondements organisationnels par la cr\u00e9ation d\u2019un observatoire du dialogue social qui aura pour mission principale la collecte, le suivi, la mise \u00e0 jour et mise \u00e0 disposition des donn\u00e9es et informations relatives au domaine social, l\u2019archivage des documents de r\u00e9f\u00e9rence du dialogue, ainsi qu\u2019un r\u00f4le de veille sociale.<\/p>\n<p class=\"has-black-color has-text-color\">Le Forum a \u00e9galement appel\u00e9 \u00e0 l\u2019organisation de forums r\u00e9gionaux d\u2019\u00e9tudes th\u00e9matiques sous la supervision des parties au dialogue social afin d\u2019explorer les solutions possibles et les mesures pratiques pour att\u00e9nuer les discriminations fond\u00e9es sur le sexe dans le domaine du travail, lutter contre le travail des enfants et promouvoir l\u2019int\u00e9gration des personnes \u00e0 besoins sp\u00e9cifiques dans les entreprises.<\/p>\n<p class=\"has-black-color has-text-color\">Les recommandations portaient aussi sur la cr\u00e9ation d\u2019un m\u00e9canisme de r\u00e9flexion sous la forme d\u2019un groupe d\u2019\u00e9tude paritaire entre les diff\u00e9rents acteurs du dialogue et qui sera charg\u00e9 de proposer des solutions permettant d\u2019int\u00e9grer l\u2019\u00e9conomie informelle dans le tissu \u00e9conomique national et de renforcer la paix sociale.<\/p>\n<p class=\"has-black-color has-text-color\">Le Forum a, de m\u00eame, recommand\u00e9 la pr\u00e9paration, \u00e0 court terme, d\u2019un programme de formation pratique, dot\u00e9 d\u2019outils, de m\u00e9canismes et de sources de financement bien d\u00e9finis, appelant les parties au dialogue \u00e0 travailler, \u00e0 moyen terme, \u00e0 la cr\u00e9ation d\u2019un institut de formation dans le domaine de m\u00e9diation et de dialogue social.<\/p>\n<p class=\"has-black-color has-text-color\">Les participants ont conclu que l\u2019universit\u00e9 et les centres de recherche devraient \u00eatre impliqu\u00e9s dans la pr\u00e9paration de recherches et d\u2019\u00e9tudes sur l\u2019\u00e9volution du dialogue social, appelant \u00e0 la cr\u00e9ation d\u2019un Prix \u00ab\u00a0Partenaire social et \u00e9conomique\u00a0\u00bb destin\u00e9 \u00e0 encourager les initiatives et propositions \u00e9manant des organisations professionnelles et syndicales, ainsi que des entreprises et des employeurs, et visant \u00e0 p\u00e9renniser le dialogue social.<\/p>\n<p>L\u2019article <a rel=\"nofollow\" href=\"http:\/\/albayane.press.ma\/ladoption-dune-vision-avancee-du-dialogue-social-condition-cle-pour-relever-les-defis-de-letat-social.html\">L\u2019adoption d\u2019une vision avanc\u00e9e du dialogue social, condition cl\u00e9 pour relever les d\u00e9fis de l\u2019Etat social<\/a> est apparu en premier sur <a rel=\"nofollow\" href=\"http:\/\/albayane.press.ma\/\">ALBAYANE<\/a>.<\/p>\n<\/div>\n<p>Auteur: M&rsquo;hammed rahal<br \/>\n<a href=\"http:\/\/albayane.press.ma\/ladoption-dune-vision-avancee-du-dialogue-social-condition-cle-pour-relever-les-defis-de-letat-social.html\">Cliquez ici pour lire l&rsquo;article depuis sa source.<\/a><\/p>\n","protected":false},"excerpt":{"rendered":"<p>Sixi\u00e8me Forum parlementaire sur la justice sociale Les participants au sixi\u00e8me Forum parlementaire sur la justice sociale, qui a cl\u00f4tur\u00e9 lundi soir ses travaux, ont \u00e9t\u00e9 unanimes \u00e0 souligner l\u2019importance d\u2019adopter une vision avanc\u00e9e du dialogue social afin de relever les d\u00e9fis de l\u2019Etat social. Dans leur d\u00e9claration finale, publi\u00e9e \u00e0 l\u2019issue des travaux du [&hellip;]<\/p>\n","protected":false},"author":1760,"featured_media":0,"comment_status":"closed","ping_status":"closed","sticky":false,"template":"","format":"standard","meta":{"fifu_image_url":"","fifu_image_alt":"","footnotes":""},"categories":[73,54],"tags":[],"class_list":["post-141533","post","type-post","status-publish","format-standard","hentry","category-actualite","category-maroc"],"_links":{"self":[{"href":"https:\/\/linitiative.ca\/International\/wp-json\/wp\/v2\/posts\/141533","targetHints":{"allow":["GET"]}}],"collection":[{"href":"https:\/\/linitiative.ca\/International\/wp-json\/wp\/v2\/posts"}],"about":[{"href":"https:\/\/linitiative.ca\/International\/wp-json\/wp\/v2\/types\/post"}],"author":[{"embeddable":true,"href":"https:\/\/linitiative.ca\/International\/wp-json\/wp\/v2\/users\/1760"}],"replies":[{"embeddable":true,"href":"https:\/\/linitiative.ca\/International\/wp-json\/wp\/v2\/comments?post=141533"}],"version-history":[{"count":0,"href":"https:\/\/linitiative.ca\/International\/wp-json\/wp\/v2\/posts\/141533\/revisions"}],"wp:attachment":[{"href":"https:\/\/linitiative.ca\/International\/wp-json\/wp\/v2\/media?parent=141533"}],"wp:term":[{"taxonomy":"category","embeddable":true,"href":"https:\/\/linitiative.ca\/International\/wp-json\/wp\/v2\/categories?post=141533"},{"taxonomy":"post_tag","embeddable":true,"href":"https:\/\/linitiative.ca\/International\/wp-json\/wp\/v2\/tags?post=141533"}],"curies":[{"name":"wp","href":"https:\/\/api.w.org\/{rel}","templated":true}]}}