{"id":141536,"date":"2022-02-23T08:19:00","date_gmt":"2022-02-23T13:19:00","guid":{"rendered":"https:\/\/linitiative.ca\/International\/report-du-proces-de-laffaire-du-groupe-benamor-au-9-mars-prochain\/"},"modified":"2022-02-23T08:19:00","modified_gmt":"2022-02-23T13:19:00","slug":"report-du-proces-de-laffaire-du-groupe-benamor-au-9-mars-prochain","status":"publish","type":"post","link":"https:\/\/linitiative.ca\/International\/report-du-proces-de-laffaire-du-groupe-benamor-au-9-mars-prochain\/","title":{"rendered":"Report du proc\u00e8s de l&rsquo;affaire du groupe \u00ab\u00a0Benamor\u00a0\u00bb au 9 mars prochain"},"content":{"rendered":"<div>Le p\u00f4le p\u00e9nal \u00e9conomique et financier du tribunal de Sidi M&rsquo;hamed (Alger) a report\u00e9, mercredi, au 9 mars prochain, le proc\u00e8s des accus\u00e9s dans l&rsquo;affaire du groupe agroalimentaire \u00ab\u00a0Benamor\u00a0\u00bb.<\/div>\n<p>Auteur:<br \/>\n<a href=\"https:\/\/www.liberte-algerie.com\/actualite\/report-du-proces-de-laffaire-du-groupe-benamor-au-9-mars-prochain-373842\">Cliquez ici pour lire l&rsquo;article depuis sa source.<\/a><\/p>\n","protected":false},"excerpt":{"rendered":"<p>Le p\u00f4le p\u00e9nal \u00e9conomique et financier du tribunal de Sidi M&rsquo;hamed (Alger) a report\u00e9, mercredi, au 9 mars prochain, le proc\u00e8s des accus\u00e9s dans l&rsquo;affaire du groupe agroalimentaire \u00ab\u00a0Benamor\u00a0\u00bb. Auteur: Cliquez ici pour lire l&rsquo;article depuis sa source.<\/p>\n","protected":false},"author":1742,"featured_media":0,"comment_status":"closed","ping_status":"closed","sticky":false,"template":"","format":"standard","meta":{"fifu_image_url":"","fifu_image_alt":"","footnotes":""},"categories":[73,53],"tags":[],"class_list":["post-141536","post","type-post","status-publish","format-standard","hentry","category-actualite","category-algerie"],"_links":{"self":[{"href":"https:\/\/linitiative.ca\/International\/wp-json\/wp\/v2\/posts\/141536","targetHints":{"allow":["GET"]}}],"collection":[{"href":"https:\/\/linitiative.ca\/International\/wp-json\/wp\/v2\/posts"}],"about":[{"href":"https:\/\/linitiative.ca\/International\/wp-json\/wp\/v2\/types\/post"}],"author":[{"embeddable":true,"href":"https:\/\/linitiative.ca\/International\/wp-json\/wp\/v2\/users\/1742"}],"replies":[{"embeddable":true,"href":"https:\/\/linitiative.ca\/International\/wp-json\/wp\/v2\/comments?post=141536"}],"version-history":[{"count":0,"href":"https:\/\/linitiative.ca\/International\/wp-json\/wp\/v2\/posts\/141536\/revisions"}],"wp:attachment":[{"href":"https:\/\/linitiative.ca\/International\/wp-json\/wp\/v2\/media?parent=141536"}],"wp:term":[{"taxonomy":"category","embeddable":true,"href":"https:\/\/linitiative.ca\/International\/wp-json\/wp\/v2\/categories?post=141536"},{"taxonomy":"post_tag","embeddable":true,"href":"https:\/\/linitiative.ca\/International\/wp-json\/wp\/v2\/tags?post=141536"}],"curies":[{"name":"wp","href":"https:\/\/api.w.org\/{rel}","templated":true}]}}