{"id":141538,"date":"2022-02-23T09:27:00","date_gmt":"2022-02-23T14:27:00","guid":{"rendered":"https:\/\/linitiative.ca\/International\/le-pst-saisit-le-premier-ministre\/"},"modified":"2022-02-23T09:27:00","modified_gmt":"2022-02-23T14:27:00","slug":"le-pst-saisit-le-premier-ministre","status":"publish","type":"post","link":"https:\/\/linitiative.ca\/International\/le-pst-saisit-le-premier-ministre\/","title":{"rendered":"Le PST saisit le premier ministre"},"content":{"rendered":"<div>L\u2019annonce \u00e9t\u00e9 faite, durant la matin\u00e9e d\u2019aujourd\u2019hui, mercredi 23 f\u00e9vrier, par le secr\u00e9taire g\u00e9n\u00e9ral du parti, Mahmoud Rachidi, lors d\u2019une conf\u00e9rence de presse anim\u00e9e au si\u00e8ge de son parti \u00e0 Alger.<\/div>\n<p>Auteur:<br \/>\n<a href=\"https:\/\/www.liberte-algerie.com\/actualite\/le-pst-saisit-le-premier-ministre-373857\">Cliquez ici pour lire l&rsquo;article depuis sa source.<\/a><\/p>\n","protected":false},"excerpt":{"rendered":"<p>L\u2019annonce \u00e9t\u00e9 faite, durant la matin\u00e9e d\u2019aujourd\u2019hui, mercredi 23 f\u00e9vrier, par le secr\u00e9taire g\u00e9n\u00e9ral du parti, Mahmoud Rachidi, lors d\u2019une conf\u00e9rence de presse anim\u00e9e au si\u00e8ge de son parti \u00e0 Alger. Auteur: Cliquez ici pour lire l&rsquo;article depuis sa source.<\/p>\n","protected":false},"author":1742,"featured_media":0,"comment_status":"closed","ping_status":"closed","sticky":false,"template":"","format":"standard","meta":{"fifu_image_url":"","fifu_image_alt":"","footnotes":""},"categories":[73,53],"tags":[],"class_list":["post-141538","post","type-post","status-publish","format-standard","hentry","category-actualite","category-algerie"],"_links":{"self":[{"href":"https:\/\/linitiative.ca\/International\/wp-json\/wp\/v2\/posts\/141538","targetHints":{"allow":["GET"]}}],"collection":[{"href":"https:\/\/linitiative.ca\/International\/wp-json\/wp\/v2\/posts"}],"about":[{"href":"https:\/\/linitiative.ca\/International\/wp-json\/wp\/v2\/types\/post"}],"author":[{"embeddable":true,"href":"https:\/\/linitiative.ca\/International\/wp-json\/wp\/v2\/users\/1742"}],"replies":[{"embeddable":true,"href":"https:\/\/linitiative.ca\/International\/wp-json\/wp\/v2\/comments?post=141538"}],"version-history":[{"count":0,"href":"https:\/\/linitiative.ca\/International\/wp-json\/wp\/v2\/posts\/141538\/revisions"}],"wp:attachment":[{"href":"https:\/\/linitiative.ca\/International\/wp-json\/wp\/v2\/media?parent=141538"}],"wp:term":[{"taxonomy":"category","embeddable":true,"href":"https:\/\/linitiative.ca\/International\/wp-json\/wp\/v2\/categories?post=141538"},{"taxonomy":"post_tag","embeddable":true,"href":"https:\/\/linitiative.ca\/International\/wp-json\/wp\/v2\/tags?post=141538"}],"curies":[{"name":"wp","href":"https:\/\/api.w.org\/{rel}","templated":true}]}}