{"id":141540,"date":"2022-02-23T08:24:11","date_gmt":"2022-02-23T13:24:11","guid":{"rendered":"https:\/\/linitiative.ca\/International\/air-arabia-maroc-lance-un-vol-direct-entre-barcelone-et-oujda\/"},"modified":"2022-02-23T08:24:11","modified_gmt":"2022-02-23T13:24:11","slug":"air-arabia-maroc-lance-un-vol-direct-entre-barcelone-et-oujda","status":"publish","type":"post","link":"https:\/\/linitiative.ca\/International\/air-arabia-maroc-lance-un-vol-direct-entre-barcelone-et-oujda\/","title":{"rendered":"Air Arabia Maroc lance un vol direct entre Barcelone et Oujda"},"content":{"rendered":"<div>\n<div style=\"margin-bottom:20px;\"><img loading=\"lazy\" decoding=\"async\" width=\"750\" height=\"430\" src=\"https:\/\/linitiative.ca\/International\/wp-content\/uploads\/sites\/23\/2022\/02\/Des-passagers-descendent-dune-avion-de-lAir-Arabia-Maroc-750C397430-MAP.jpg\" class=\"attachment-post-thumbnail size-post-thumbnail wp-post-image\" alt=\"\" srcset=\"https:\/\/linitiative.ca\/International\/wp-content\/uploads\/sites\/23\/2022\/02\/Des-passagers-descendent-dune-avion-de-lAir-Arabia-Maroc-750C397430-MAP.jpg 750w, https:\/\/www.mapoujda.ma\/map\/uploads\/2021\/03\/Des-passagers-descendent-dune-avion-de-lAir-Arabia-Maroc-750\u00d7430-MAP-300x172.jpg 300w\" sizes=\"auto, (max-width: 750px) 100vw, 750px\"><\/div>\n<p style=\"text-align: justify;\">Air Arabia Maroc, leader du transport a\u00e9rien low cost au Maroc, a annonc\u00e9 le lancement d\u2019une nouvelle liaison directe entre Barcelone et Oujda et ce, \u00e0 partir du 27 mars 2022.<\/p>\n<p style=\"text-align: justify;\">Les vols sont programm\u00e9s au d\u00e9part d\u2019Oujda vendredi et dimanche \u00e0 10H50 (heure locale) avec une arriv\u00e9e \u00e0 Barcelone \u00e0 14H35 (heure locale), indique Air Arabia Maroc dans un communiqu\u00e9. Au d\u00e9part de Barcelone, les vols sont programm\u00e9s vendredi et dimanche \u00e0 10H25 (heure locale) avec une arriv\u00e9e \u00e0 Oujda \u00e0 10H05 (heure locale).<\/p>\n<p style=\"text-align: justify;\">Les clients de la compagnie pourront d\u00e9sormais r\u00e9server leurs vols directs entre Oujda et Barcelone \u00e0 partir du site web d\u2019Air Arabia, en contactant le centre d\u2019appels ou les agences de voyage agr\u00e9\u00e9es.<\/p>\n<p style=\"text-align: justify;\">Air Arabia rappelle \u00e0 ses clients que le port du masque est obligatoire sur tous ses vols et que les clients doivent se conformer aux conditions et exigences des pays de d\u00e9part et de destination. Les informations au sujet de ces restrictions sont disponibles sur le site de la compagnie et sur les sites des autorit\u00e9s locales des pays de destination et de d\u00e9part.<\/p>\n<p>L\u2019article <a rel=\"nofollow\" href=\"https:\/\/www.mapoujda.ma\/fr\/air-arabia-maroc-lance-un-vol-direct-entre-barcelone-et-oujda\/\">Air Arabia Maroc lance un vol direct entre Barcelone et Oujda<\/a> est apparu en premier sur <a rel=\"nofollow\" href=\"https:\/\/www.mapoujda.ma\/fr\">MapOujda<\/a>.<\/p>\n<\/div>\n<p>Auteur: Soufiane ELAHMAR<br \/>\n<a href=\"https:\/\/www.mapoujda.ma\/fr\/air-arabia-maroc-lance-un-vol-direct-entre-barcelone-et-oujda\/\">Cliquez ici pour lire l&rsquo;article depuis sa source.<\/a><\/p>\n","protected":false},"excerpt":{"rendered":"<p>Air Arabia Maroc, leader du transport a\u00e9rien low cost au Maroc, a annonc\u00e9 le lancement d\u2019une nouvelle liaison directe entre Barcelone et Oujda et ce, \u00e0 partir du 27 mars 2022. Les vols sont programm\u00e9s au d\u00e9part d\u2019Oujda vendredi et dimanche \u00e0 10H50 (heure locale) avec une arriv\u00e9e \u00e0 Barcelone \u00e0 14H35 (heure locale), indique [&hellip;]<\/p>\n","protected":false},"author":1788,"featured_media":0,"comment_status":"closed","ping_status":"closed","sticky":false,"template":"","format":"standard","meta":{"fifu_image_url":"https:\/\/www.mapoujda.ma\/map\/uploads\/2021\/03\/Des-passagers-descendent-dune-avion-de-lAir-Arabia-Maroc-750\u00d7430-MAP.jpg","fifu_image_alt":"Air Arabia Maroc lance un vol direct entre Barcelone et Oujda","footnotes":""},"categories":[54,76],"tags":[],"class_list":["post-141540","post","type-post","status-publish","format-standard","hentry","category-maroc","category-regions"],"_links":{"self":[{"href":"https:\/\/linitiative.ca\/International\/wp-json\/wp\/v2\/posts\/141540","targetHints":{"allow":["GET"]}}],"collection":[{"href":"https:\/\/linitiative.ca\/International\/wp-json\/wp\/v2\/posts"}],"about":[{"href":"https:\/\/linitiative.ca\/International\/wp-json\/wp\/v2\/types\/post"}],"author":[{"embeddable":true,"href":"https:\/\/linitiative.ca\/International\/wp-json\/wp\/v2\/users\/1788"}],"replies":[{"embeddable":true,"href":"https:\/\/linitiative.ca\/International\/wp-json\/wp\/v2\/comments?post=141540"}],"version-history":[{"count":0,"href":"https:\/\/linitiative.ca\/International\/wp-json\/wp\/v2\/posts\/141540\/revisions"}],"wp:attachment":[{"href":"https:\/\/linitiative.ca\/International\/wp-json\/wp\/v2\/media?parent=141540"}],"wp:term":[{"taxonomy":"category","embeddable":true,"href":"https:\/\/linitiative.ca\/International\/wp-json\/wp\/v2\/categories?post=141540"},{"taxonomy":"post_tag","embeddable":true,"href":"https:\/\/linitiative.ca\/International\/wp-json\/wp\/v2\/tags?post=141540"}],"curies":[{"name":"wp","href":"https:\/\/api.w.org\/{rel}","templated":true}]}}