{"id":141542,"date":"2022-02-23T10:30:25","date_gmt":"2022-02-23T15:30:25","guid":{"rendered":"https:\/\/linitiative.ca\/International\/le-1er-meeting-des-marocains-des-deux-rives-les-25-et-26-fevrier-a-oujda\/"},"modified":"2022-02-23T10:30:25","modified_gmt":"2022-02-23T15:30:25","slug":"le-1er-meeting-des-marocains-des-deux-rives-les-25-et-26-fevrier-a-oujda","status":"publish","type":"post","link":"https:\/\/linitiative.ca\/International\/le-1er-meeting-des-marocains-des-deux-rives-les-25-et-26-fevrier-a-oujda\/","title":{"rendered":"Le 1er Meeting des Marocains des deux rives, les 25 et 26 f\u00e9vrier \u00e0 Oujda"},"content":{"rendered":"<div>\n<div style=\"margin-bottom:20px;\"><img loading=\"lazy\" decoding=\"async\" width=\"750\" height=\"430\" src=\"https:\/\/linitiative.ca\/International\/wp-content\/uploads\/sites\/23\/2022\/02\/La-prC3A9sidence-de-lUMP-Oujda-M750C397430-MAP.jpg\" class=\"attachment-post-thumbnail size-post-thumbnail wp-post-image\" alt=\"\" srcset=\"https:\/\/linitiative.ca\/International\/wp-content\/uploads\/sites\/23\/2022\/02\/La-prC3A9sidence-de-lUMP-Oujda-M750C397430-MAP.jpg 750w, https:\/\/www.mapoujda.ma\/map\/uploads\/2021\/12\/La-pr\u00e9sidence-de-lUMP-Oujda-M750\u00d7430-MAP-300x172.jpg 300w\" sizes=\"auto, (max-width: 750px) 100vw, 750px\"><\/div>\n<div>\n<p style=\"text-align: justify;\">Le Campus du Savoir de l\u2019Universit\u00e9 Mohammed Premier d\u2019Oujda (UMPO) accueillera, les 25 et 26 f\u00e9vrier courant, la 1\u00e8re \u00e9dition du Meeting des Marocains des deux rives.<\/p>\n<p style=\"text-align: justify;\">Plac\u00e9 sous le th\u00e8me \u00abUniversit\u00e9 Mohammed Premier et Marocains du Monde : pour un partenariat strat\u00e9gique au profit du d\u00e9veloppement socio\u00e9conomique de la r\u00e9gion de l\u2019Oriental\u00bb, cet \u00e9v\u00e9nement est organis\u00e9 par l\u2019UMPO et le Collectif des associations pour le d\u00e9veloppement de l\u2019Oriental en Europe (CADOriental Europe), en partenariat avec plusieurs d\u00e9partements et institutions partenaires.<\/p>\n<p style=\"text-align: justify;\">Cette rencontre se veut une occasion pour regrouper tous les acteurs du d\u00e9veloppement de l\u2019Oriental avec la contribution des Marocains du monde, dans un \u00e9lan de partage, d\u2019\u00e9change et de partenariat, dans le but de mettre en \u0153uvre des programmes de d\u00e9veloppement territorial de la r\u00e9gion de l\u2019Oriental, indiquent les organisateurs dans un communiqu\u00e9.<\/p>\n<p style=\"text-align: justify;\">Cette collaboration s\u2019inscrit dans la strat\u00e9gie lanc\u00e9e par le programme r\u00e9gional PRIM pour les politiques et initiatives ciblant les Marocains r\u00e9sidant \u00e0 l\u2019\u00e9tranger et les immigr\u00e9s au niveau des r\u00e9gions de l\u2019Oriental et de Souss-Massa, pr\u00e9cise le communiqu\u00e9.<\/p>\n<p style=\"text-align: justify;\">Ce meeting s\u2019inscrit, pareillement, dans les orientations du partenariat sign\u00e9 entre l\u2019UMPO et CADOriental Europe en mai 2021, ajoute le document, notant que cette 1\u00e8re \u00e9dition sera l\u2019occasion de mettre en \u0153uvre l\u2019engagement des deux partenaires pour une contribution intelligente au d\u00e9veloppement territorial de la r\u00e9gion de l\u2019Oriental, en signant de nouveaux protocoles de collaborations ciblant des domaines prioritaires.<\/p>\n<p style=\"text-align: justify;\">Il s\u2019agit, entre autres, de l\u2019agroalimentaire, la sant\u00e9, la m\u00e9decine, la nutrition, l\u2019ing\u00e9nierie culturelle et le d\u00e9veloppement touristique, les sciences sociales et les activit\u00e9s sportives.<\/p>\n<\/div>\n<p>L\u2019article <a rel=\"nofollow\" href=\"https:\/\/www.mapoujda.ma\/fr\/le-1er-meeting-des-marocains-des-deux-rives-les-25-et-26-fevrier-a-oujda\/\">Le 1er Meeting des Marocains des deux rives, les 25 et 26 f\u00e9vrier \u00e0 Oujda<\/a> est apparu en premier sur <a rel=\"nofollow\" href=\"https:\/\/www.mapoujda.ma\/fr\">MapOujda<\/a>.<\/p>\n<\/div>\n<p>Auteur: Soufiane ELAHMAR<br \/>\n<a href=\"https:\/\/www.mapoujda.ma\/fr\/le-1er-meeting-des-marocains-des-deux-rives-les-25-et-26-fevrier-a-oujda\/\">Cliquez ici pour lire l&rsquo;article depuis sa source.<\/a><\/p>\n","protected":false},"excerpt":{"rendered":"<p>Le Campus du Savoir de l\u2019Universit\u00e9 Mohammed Premier d\u2019Oujda (UMPO) accueillera, les 25 et 26 f\u00e9vrier courant, la 1\u00e8re \u00e9dition du Meeting des Marocains des deux rives. Plac\u00e9 sous le th\u00e8me \u00abUniversit\u00e9 Mohammed Premier et Marocains du Monde : pour un partenariat strat\u00e9gique au profit du d\u00e9veloppement socio\u00e9conomique de la r\u00e9gion de l\u2019Oriental\u00bb, cet \u00e9v\u00e9nement [&hellip;]<\/p>\n","protected":false},"author":1788,"featured_media":0,"comment_status":"closed","ping_status":"closed","sticky":false,"template":"","format":"standard","meta":{"fifu_image_url":"https:\/\/www.mapoujda.ma\/map\/uploads\/2021\/12\/La-pr\u00e9sidence-de-lUMP-Oujda-M750\u00d7430-MAP.jpg","fifu_image_alt":"Le 1er Meeting des Marocains des deux rives, les 25 et 26 f\u00e9vrier \u00e0 Oujda","footnotes":""},"categories":[54,76],"tags":[],"class_list":["post-141542","post","type-post","status-publish","format-standard","hentry","category-maroc","category-regions"],"_links":{"self":[{"href":"https:\/\/linitiative.ca\/International\/wp-json\/wp\/v2\/posts\/141542","targetHints":{"allow":["GET"]}}],"collection":[{"href":"https:\/\/linitiative.ca\/International\/wp-json\/wp\/v2\/posts"}],"about":[{"href":"https:\/\/linitiative.ca\/International\/wp-json\/wp\/v2\/types\/post"}],"author":[{"embeddable":true,"href":"https:\/\/linitiative.ca\/International\/wp-json\/wp\/v2\/users\/1788"}],"replies":[{"embeddable":true,"href":"https:\/\/linitiative.ca\/International\/wp-json\/wp\/v2\/comments?post=141542"}],"version-history":[{"count":0,"href":"https:\/\/linitiative.ca\/International\/wp-json\/wp\/v2\/posts\/141542\/revisions"}],"wp:attachment":[{"href":"https:\/\/linitiative.ca\/International\/wp-json\/wp\/v2\/media?parent=141542"}],"wp:term":[{"taxonomy":"category","embeddable":true,"href":"https:\/\/linitiative.ca\/International\/wp-json\/wp\/v2\/categories?post=141542"},{"taxonomy":"post_tag","embeddable":true,"href":"https:\/\/linitiative.ca\/International\/wp-json\/wp\/v2\/tags?post=141542"}],"curies":[{"name":"wp","href":"https:\/\/api.w.org\/{rel}","templated":true}]}}