{"id":141544,"date":"2022-02-23T08:34:26","date_gmt":"2022-02-23T13:34:26","guid":{"rendered":"https:\/\/linitiative.ca\/International\/oued-dahab-47-migrants-secourus-trois-corps-repeches\/"},"modified":"2022-02-23T08:34:26","modified_gmt":"2022-02-23T13:34:26","slug":"oued-dahab-47-migrants-secourus-trois-corps-repeches","status":"publish","type":"post","link":"https:\/\/linitiative.ca\/International\/oued-dahab-47-migrants-secourus-trois-corps-repeches\/","title":{"rendered":"Oued-Dahab: 47 migrants secourus, trois corps rep\u00each\u00e9s"},"content":{"rendered":"<div>\n<div class=\"field field-name-body field-type-text-with-summary field-label-hidden\">\n<div class=\"field-items\">\n<div class=\"field-item even\" property=\"content:encoded\">\n<p class=\"rtejustify\"><em>ph d&rsquo;illustration<\/em><\/p>\n<p class=\"rtejustify\">Quarante-sept candidats \u00e0 l\u2019immigration clandestine ont \u00e9t\u00e9 secourus et trois corps sans vie rep\u00each\u00e9s, mercredi matin, suite au chavirement d&rsquo;une embarcation devant la zone c\u00f4ti\u00e8re d&rsquo;Imtlan, relevant de la province d&rsquo;Oued Eddahab, indique-t-on aupr\u00e8s des autorit\u00e9s locales.<\/p>\n<\/div>\n<\/div>\n<\/div>\n<\/div>\n<p>Auteur: mbasraoui<br \/>\n<a href=\"https:\/\/www.leconomiste.com\/flash-infos\/oued-dahab-47-migrants-secourus-trois-corps-repeches\">Cliquez ici pour lire l&rsquo;article depuis sa source.<\/a><\/p>\n","protected":false},"excerpt":{"rendered":"<p>ph d&rsquo;illustration Quarante-sept candidats \u00e0 l\u2019immigration clandestine ont \u00e9t\u00e9 secourus et trois corps sans vie rep\u00each\u00e9s, mercredi matin, suite au chavirement d&rsquo;une embarcation devant la zone c\u00f4ti\u00e8re d&rsquo;Imtlan, relevant de la province d&rsquo;Oued Eddahab, indique-t-on aupr\u00e8s des autorit\u00e9s locales. Auteur: mbasraoui Cliquez ici pour lire l&rsquo;article depuis sa source.<\/p>\n","protected":false},"author":1763,"featured_media":0,"comment_status":"closed","ping_status":"closed","sticky":false,"template":"","format":"standard","meta":{"fifu_image_url":"","fifu_image_alt":"","footnotes":""},"categories":[78,54],"tags":[],"class_list":["post-141544","post","type-post","status-publish","format-standard","hentry","category-economie","category-maroc"],"_links":{"self":[{"href":"https:\/\/linitiative.ca\/International\/wp-json\/wp\/v2\/posts\/141544","targetHints":{"allow":["GET"]}}],"collection":[{"href":"https:\/\/linitiative.ca\/International\/wp-json\/wp\/v2\/posts"}],"about":[{"href":"https:\/\/linitiative.ca\/International\/wp-json\/wp\/v2\/types\/post"}],"author":[{"embeddable":true,"href":"https:\/\/linitiative.ca\/International\/wp-json\/wp\/v2\/users\/1763"}],"replies":[{"embeddable":true,"href":"https:\/\/linitiative.ca\/International\/wp-json\/wp\/v2\/comments?post=141544"}],"version-history":[{"count":0,"href":"https:\/\/linitiative.ca\/International\/wp-json\/wp\/v2\/posts\/141544\/revisions"}],"wp:attachment":[{"href":"https:\/\/linitiative.ca\/International\/wp-json\/wp\/v2\/media?parent=141544"}],"wp:term":[{"taxonomy":"category","embeddable":true,"href":"https:\/\/linitiative.ca\/International\/wp-json\/wp\/v2\/categories?post=141544"},{"taxonomy":"post_tag","embeddable":true,"href":"https:\/\/linitiative.ca\/International\/wp-json\/wp\/v2\/tags?post=141544"}],"curies":[{"name":"wp","href":"https:\/\/api.w.org\/{rel}","templated":true}]}}