{"id":141545,"date":"2022-02-23T09:59:08","date_gmt":"2022-02-23T14:59:08","guid":{"rendered":"https:\/\/linitiative.ca\/International\/caf-la-suspension-de-boufal-et-chakla-annulee\/"},"modified":"2022-02-23T09:59:08","modified_gmt":"2022-02-23T14:59:08","slug":"caf-la-suspension-de-boufal-et-chakla-annulee","status":"publish","type":"post","link":"https:\/\/linitiative.ca\/International\/caf-la-suspension-de-boufal-et-chakla-annulee\/","title":{"rendered":"CAF: La suspension de Boufal et Chakla annul\u00e9e"},"content":{"rendered":"<div>\n<div class=\"field field-name-body field-type-text-with-summary field-label-hidden\">\n<div class=\"field-items\">\n<div class=\"field-item even\" property=\"content:encoded\">\n<p class=\"rtejustify\">La commission d&rsquo;appel de la Conf\u00e9d\u00e9ration africaine de football (CAF) a d\u00e9cid\u00e9 d&rsquo;annuler la suspension des internationaux marocains, Soufiane Boufal et Soufiane Chakla.<\/p>\n<\/div>\n<\/div>\n<\/div>\n<\/div>\n<p>Auteur: mbasraoui<br \/>\n<a href=\"https:\/\/www.leconomiste.com\/flash-infos\/caf-la-suspension-de-boufal-et-chakla-annulee\">Cliquez ici pour lire l&rsquo;article depuis sa source.<\/a><\/p>\n","protected":false},"excerpt":{"rendered":"<p>La commission d&rsquo;appel de la Conf\u00e9d\u00e9ration africaine de football (CAF) a d\u00e9cid\u00e9 d&rsquo;annuler la suspension des internationaux marocains, Soufiane Boufal et Soufiane Chakla. Auteur: mbasraoui Cliquez ici pour lire l&rsquo;article depuis sa source.<\/p>\n","protected":false},"author":1763,"featured_media":0,"comment_status":"closed","ping_status":"closed","sticky":false,"template":"","format":"standard","meta":{"fifu_image_url":"","fifu_image_alt":"","footnotes":""},"categories":[78,54],"tags":[],"class_list":["post-141545","post","type-post","status-publish","format-standard","hentry","category-economie","category-maroc"],"_links":{"self":[{"href":"https:\/\/linitiative.ca\/International\/wp-json\/wp\/v2\/posts\/141545","targetHints":{"allow":["GET"]}}],"collection":[{"href":"https:\/\/linitiative.ca\/International\/wp-json\/wp\/v2\/posts"}],"about":[{"href":"https:\/\/linitiative.ca\/International\/wp-json\/wp\/v2\/types\/post"}],"author":[{"embeddable":true,"href":"https:\/\/linitiative.ca\/International\/wp-json\/wp\/v2\/users\/1763"}],"replies":[{"embeddable":true,"href":"https:\/\/linitiative.ca\/International\/wp-json\/wp\/v2\/comments?post=141545"}],"version-history":[{"count":0,"href":"https:\/\/linitiative.ca\/International\/wp-json\/wp\/v2\/posts\/141545\/revisions"}],"wp:attachment":[{"href":"https:\/\/linitiative.ca\/International\/wp-json\/wp\/v2\/media?parent=141545"}],"wp:term":[{"taxonomy":"category","embeddable":true,"href":"https:\/\/linitiative.ca\/International\/wp-json\/wp\/v2\/categories?post=141545"},{"taxonomy":"post_tag","embeddable":true,"href":"https:\/\/linitiative.ca\/International\/wp-json\/wp\/v2\/tags?post=141545"}],"curies":[{"name":"wp","href":"https:\/\/api.w.org\/{rel}","templated":true}]}}