{"id":141547,"date":"2022-02-23T10:21:12","date_gmt":"2022-02-23T15:21:12","guid":{"rendered":"https:\/\/linitiative.ca\/International\/tanger-polydesign-se-dote-de-sa-propre-centrale-photovoltaique\/"},"modified":"2022-02-23T10:21:12","modified_gmt":"2022-02-23T15:21:12","slug":"tanger-polydesign-se-dote-de-sa-propre-centrale-photovoltaique","status":"publish","type":"post","link":"https:\/\/linitiative.ca\/International\/tanger-polydesign-se-dote-de-sa-propre-centrale-photovoltaique\/","title":{"rendered":"Tanger : Polydesign se dote de sa propre centrale photovolta\u00efque"},"content":{"rendered":"<div>\n<div class=\"field field-name-body field-type-text-with-summary field-label-hidden\">\n<div class=\"field-items\">\n<div class=\"field-item even\" property=\"content:encoded\">\n<p class=\"rtejustify\">Polydesign Systems se met au vert. L\u2019entreprise, install\u00e9e \u00e0 la Tanger Free Zone, devra se doter sous peu de sa propre centrale photovolta\u00efque.<\/p>\n<p class=\"rtejustify\">Pour ce, elle vient de signer un accord avec la soci\u00e9t\u00e9 Adiwatt pour l\u2019installation d\u2019une centrale de 1,2 Mw. Les 2502 panneaux photovolta\u00efques formant la centrale seront plac\u00e9s sur le toit de l\u2019usine sur une superficie de 10.440 m2.<\/p>\n<\/div>\n<\/div>\n<\/div>\n<\/div>\n<p>Auteur: mbasraoui<br \/>\n<a href=\"https:\/\/www.leconomiste.com\/flash-infos\/tanger-polydesign-se-dote-de-sa-propre-centrale-photovoltaique\">Cliquez ici pour lire l&rsquo;article depuis sa source.<\/a><\/p>\n","protected":false},"excerpt":{"rendered":"<p>Polydesign Systems se met au vert. L\u2019entreprise, install\u00e9e \u00e0 la Tanger Free Zone, devra se doter sous peu de sa propre centrale photovolta\u00efque. Pour ce, elle vient de signer un accord avec la soci\u00e9t\u00e9 Adiwatt pour l\u2019installation d\u2019une centrale de 1,2 Mw. Les 2502 panneaux photovolta\u00efques formant la centrale seront plac\u00e9s sur le toit de [&hellip;]<\/p>\n","protected":false},"author":1763,"featured_media":0,"comment_status":"closed","ping_status":"closed","sticky":false,"template":"","format":"standard","meta":{"fifu_image_url":"","fifu_image_alt":"","footnotes":""},"categories":[78,54],"tags":[],"class_list":["post-141547","post","type-post","status-publish","format-standard","hentry","category-economie","category-maroc"],"_links":{"self":[{"href":"https:\/\/linitiative.ca\/International\/wp-json\/wp\/v2\/posts\/141547","targetHints":{"allow":["GET"]}}],"collection":[{"href":"https:\/\/linitiative.ca\/International\/wp-json\/wp\/v2\/posts"}],"about":[{"href":"https:\/\/linitiative.ca\/International\/wp-json\/wp\/v2\/types\/post"}],"author":[{"embeddable":true,"href":"https:\/\/linitiative.ca\/International\/wp-json\/wp\/v2\/users\/1763"}],"replies":[{"embeddable":true,"href":"https:\/\/linitiative.ca\/International\/wp-json\/wp\/v2\/comments?post=141547"}],"version-history":[{"count":0,"href":"https:\/\/linitiative.ca\/International\/wp-json\/wp\/v2\/posts\/141547\/revisions"}],"wp:attachment":[{"href":"https:\/\/linitiative.ca\/International\/wp-json\/wp\/v2\/media?parent=141547"}],"wp:term":[{"taxonomy":"category","embeddable":true,"href":"https:\/\/linitiative.ca\/International\/wp-json\/wp\/v2\/categories?post=141547"},{"taxonomy":"post_tag","embeddable":true,"href":"https:\/\/linitiative.ca\/International\/wp-json\/wp\/v2\/tags?post=141547"}],"curies":[{"name":"wp","href":"https:\/\/api.w.org\/{rel}","templated":true}]}}