{"id":141549,"date":"2022-02-23T03:07:00","date_gmt":"2022-02-23T08:07:00","guid":{"rendered":"https:\/\/linitiative.ca\/International\/man-city-letonnant-coup-de-gueule-de-guardiola-contre-son-assistant\/"},"modified":"2022-02-23T03:07:00","modified_gmt":"2022-02-23T08:07:00","slug":"man-city-letonnant-coup-de-gueule-de-guardiola-contre-son-assistant","status":"publish","type":"post","link":"https:\/\/linitiative.ca\/International\/man-city-letonnant-coup-de-gueule-de-guardiola-contre-son-assistant\/","title":{"rendered":"Man City : L&rsquo;\u00e9tonnant coup de gueule de Guardiola contre son assistant"},"content":{"rendered":"<div>Pep Guardiola, l&rsquo;entra\u00eeneur de Manchester City, a pouss\u00e9 une grosse gueulante envers l&rsquo;un de ses assistants samedi apr\u00e8s-midi contre Tottenham<\/div>\n<p>Auteur:<br \/>\n<a href=\"https:\/\/www.lebuteur.com\/article\/detail?titre=man-city-letonnant-coup-de-gueule-de-guardiola-contre-son-assistant&#038;id=102364\">Cliquez ici pour lire l&rsquo;article depuis sa source.<\/a><\/p>\n","protected":false},"excerpt":{"rendered":"<p>Pep Guardiola, l&rsquo;entra\u00eeneur de Manchester City, a pouss\u00e9 une grosse gueulante envers l&rsquo;un de ses assistants samedi apr\u00e8s-midi contre Tottenham Auteur: Cliquez ici pour lire l&rsquo;article depuis sa source.<\/p>\n","protected":false},"author":1738,"featured_media":0,"comment_status":"closed","ping_status":"closed","sticky":false,"template":"","format":"standard","meta":{"fifu_image_url":"","fifu_image_alt":"","footnotes":""},"categories":[53,75],"tags":[],"class_list":["post-141549","post","type-post","status-publish","format-standard","hentry","category-algerie","category-sport"],"_links":{"self":[{"href":"https:\/\/linitiative.ca\/International\/wp-json\/wp\/v2\/posts\/141549","targetHints":{"allow":["GET"]}}],"collection":[{"href":"https:\/\/linitiative.ca\/International\/wp-json\/wp\/v2\/posts"}],"about":[{"href":"https:\/\/linitiative.ca\/International\/wp-json\/wp\/v2\/types\/post"}],"author":[{"embeddable":true,"href":"https:\/\/linitiative.ca\/International\/wp-json\/wp\/v2\/users\/1738"}],"replies":[{"embeddable":true,"href":"https:\/\/linitiative.ca\/International\/wp-json\/wp\/v2\/comments?post=141549"}],"version-history":[{"count":0,"href":"https:\/\/linitiative.ca\/International\/wp-json\/wp\/v2\/posts\/141549\/revisions"}],"wp:attachment":[{"href":"https:\/\/linitiative.ca\/International\/wp-json\/wp\/v2\/media?parent=141549"}],"wp:term":[{"taxonomy":"category","embeddable":true,"href":"https:\/\/linitiative.ca\/International\/wp-json\/wp\/v2\/categories?post=141549"},{"taxonomy":"post_tag","embeddable":true,"href":"https:\/\/linitiative.ca\/International\/wp-json\/wp\/v2\/tags?post=141549"}],"curies":[{"name":"wp","href":"https:\/\/api.w.org\/{rel}","templated":true}]}}