{"id":141550,"date":"2022-02-23T03:14:00","date_gmt":"2022-02-23T08:14:00","guid":{"rendered":"https:\/\/linitiative.ca\/International\/le-petite-fille-de-johnny-hallyday-reagit-aux-rumeurs-qui-la-disent-en-couple-avec-mbappe\/"},"modified":"2022-02-23T03:14:00","modified_gmt":"2022-02-23T08:14:00","slug":"le-petite-fille-de-johnny-hallyday-reagit-aux-rumeurs-qui-la-disent-en-couple-avec-mbappe","status":"publish","type":"post","link":"https:\/\/linitiative.ca\/International\/le-petite-fille-de-johnny-hallyday-reagit-aux-rumeurs-qui-la-disent-en-couple-avec-mbappe\/","title":{"rendered":"Le petite-fille de Johnny Hallyday r\u00e9agit aux rumeurs qui la disent en couple avec Mbapp\u00e9"},"content":{"rendered":"<div>Kylian Mbapp\u00e9 serait pleinement \u00e9panoui dans sa vie priv\u00e9e comme il l&rsquo;a d\u00e9clar\u00e9 lui-m\u00eame<\/div>\n<p>Auteur:<br \/>\n<a href=\"https:\/\/www.lebuteur.com\/article\/detail?titre=le-petite-fille-de-johnny-hallyday-reagit-aux-rumeurs-qui-la-disent-en-couple-avec-mbappe&#038;id=102365\">Cliquez ici pour lire l&rsquo;article depuis sa source.<\/a><\/p>\n","protected":false},"excerpt":{"rendered":"<p>Kylian Mbapp\u00e9 serait pleinement \u00e9panoui dans sa vie priv\u00e9e comme il l&rsquo;a d\u00e9clar\u00e9 lui-m\u00eame Auteur: Cliquez ici pour lire l&rsquo;article depuis sa source.<\/p>\n","protected":false},"author":1738,"featured_media":0,"comment_status":"closed","ping_status":"closed","sticky":false,"template":"","format":"standard","meta":{"fifu_image_url":"","fifu_image_alt":"","footnotes":""},"categories":[53,75],"tags":[],"class_list":["post-141550","post","type-post","status-publish","format-standard","hentry","category-algerie","category-sport"],"_links":{"self":[{"href":"https:\/\/linitiative.ca\/International\/wp-json\/wp\/v2\/posts\/141550","targetHints":{"allow":["GET"]}}],"collection":[{"href":"https:\/\/linitiative.ca\/International\/wp-json\/wp\/v2\/posts"}],"about":[{"href":"https:\/\/linitiative.ca\/International\/wp-json\/wp\/v2\/types\/post"}],"author":[{"embeddable":true,"href":"https:\/\/linitiative.ca\/International\/wp-json\/wp\/v2\/users\/1738"}],"replies":[{"embeddable":true,"href":"https:\/\/linitiative.ca\/International\/wp-json\/wp\/v2\/comments?post=141550"}],"version-history":[{"count":0,"href":"https:\/\/linitiative.ca\/International\/wp-json\/wp\/v2\/posts\/141550\/revisions"}],"wp:attachment":[{"href":"https:\/\/linitiative.ca\/International\/wp-json\/wp\/v2\/media?parent=141550"}],"wp:term":[{"taxonomy":"category","embeddable":true,"href":"https:\/\/linitiative.ca\/International\/wp-json\/wp\/v2\/categories?post=141550"},{"taxonomy":"post_tag","embeddable":true,"href":"https:\/\/linitiative.ca\/International\/wp-json\/wp\/v2\/tags?post=141550"}],"curies":[{"name":"wp","href":"https:\/\/api.w.org\/{rel}","templated":true}]}}