{"id":141551,"date":"2022-02-23T13:15:00","date_gmt":"2022-02-23T18:15:00","guid":{"rendered":"https:\/\/linitiative.ca\/International\/lanecdote-dibrahimovic-sur-bennacer-et-ses-envies-de-tirer-les-coups-francs\/"},"modified":"2022-02-23T13:15:00","modified_gmt":"2022-02-23T18:15:00","slug":"lanecdote-dibrahimovic-sur-bennacer-et-ses-envies-de-tirer-les-coups-francs","status":"publish","type":"post","link":"https:\/\/linitiative.ca\/International\/lanecdote-dibrahimovic-sur-bennacer-et-ses-envies-de-tirer-les-coups-francs\/","title":{"rendered":"L&rsquo;anecdote d&rsquo;Ibrahimovic sur Bennacer et ses envies de tirer les coups francs"},"content":{"rendered":"<div>Au fil des ann\u00e9es, le caract\u00e8re de Zlatan Ibrahimovic n&rsquo;est plus \u00e0 pr\u00e9senter<\/div>\n<p>Auteur:<br \/>\n<a href=\"https:\/\/www.lebuteur.com\/article\/detail?titre=lanecdote-dibrahimovic-sur-bennacer-et-ses-envies-de-tirer-les-coups-francs&#038;id=102366\">Cliquez ici pour lire l&rsquo;article depuis sa source.<\/a><\/p>\n","protected":false},"excerpt":{"rendered":"<p>Au fil des ann\u00e9es, le caract\u00e8re de Zlatan Ibrahimovic n&rsquo;est plus \u00e0 pr\u00e9senter Auteur: Cliquez ici pour lire l&rsquo;article depuis sa source.<\/p>\n","protected":false},"author":1738,"featured_media":0,"comment_status":"closed","ping_status":"closed","sticky":false,"template":"","format":"standard","meta":{"fifu_image_url":"","fifu_image_alt":"","footnotes":""},"categories":[53,75],"tags":[],"class_list":["post-141551","post","type-post","status-publish","format-standard","hentry","category-algerie","category-sport"],"_links":{"self":[{"href":"https:\/\/linitiative.ca\/International\/wp-json\/wp\/v2\/posts\/141551","targetHints":{"allow":["GET"]}}],"collection":[{"href":"https:\/\/linitiative.ca\/International\/wp-json\/wp\/v2\/posts"}],"about":[{"href":"https:\/\/linitiative.ca\/International\/wp-json\/wp\/v2\/types\/post"}],"author":[{"embeddable":true,"href":"https:\/\/linitiative.ca\/International\/wp-json\/wp\/v2\/users\/1738"}],"replies":[{"embeddable":true,"href":"https:\/\/linitiative.ca\/International\/wp-json\/wp\/v2\/comments?post=141551"}],"version-history":[{"count":0,"href":"https:\/\/linitiative.ca\/International\/wp-json\/wp\/v2\/posts\/141551\/revisions"}],"wp:attachment":[{"href":"https:\/\/linitiative.ca\/International\/wp-json\/wp\/v2\/media?parent=141551"}],"wp:term":[{"taxonomy":"category","embeddable":true,"href":"https:\/\/linitiative.ca\/International\/wp-json\/wp\/v2\/categories?post=141551"},{"taxonomy":"post_tag","embeddable":true,"href":"https:\/\/linitiative.ca\/International\/wp-json\/wp\/v2\/tags?post=141551"}],"curies":[{"name":"wp","href":"https:\/\/api.w.org\/{rel}","templated":true}]}}