{"id":141554,"date":"2022-02-23T05:27:00","date_gmt":"2022-02-23T10:27:00","guid":{"rendered":"https:\/\/linitiative.ca\/International\/bientot-un-nouveau-livre-de-abdelmajid-charfi-les-fausses-evidences-dans-la-pensee-islamique\/"},"modified":"2022-02-23T05:27:00","modified_gmt":"2022-02-23T10:27:00","slug":"bientot-un-nouveau-livre-de-abdelmajid-charfi-les-fausses-evidences-dans-la-pensee-islamique","status":"publish","type":"post","link":"https:\/\/linitiative.ca\/International\/bientot-un-nouveau-livre-de-abdelmajid-charfi-les-fausses-evidences-dans-la-pensee-islamique\/","title":{"rendered":"Bient\u00f4t un nouveau livre de Abdelmajid Charfi: Les fausses \u00e9vidences dans la pens\u00e9e islamique"},"content":{"rendered":"<div><img decoding=\"async\" src=\"https:\/\/linitiative.ca\/International\/wp-content\/uploads\/sites\/23\/2022\/02\/1645609123_article.jpg\" alt=\"Bient\u00f4t un nouveau livre de Abdelmajid Charfi: les fausses \u00e9vidences dans la pens\u00e9e islamique\" align=\"left\">Je viens de remettre le texte d\u2019un nouvel ouvrage, en langue arabe, sur les fausses \u00e9vidences dans la pens\u00e9e islamique, sous le titre de \u0627\u0644\u0628\u062f\u0627\u0647\u0627\u062a \u0627\u0644\u0632\u0627\u0626\u0641\u0629 \u0641\u064a \u0627\u0644\u0641\u0643\u0631 \u0627\u0644\u0627\u0633\u0644\u0627\u0645\u064a. Je l\u2019avais commenc\u00e9 avant la prise de mes fonctions, en 2016, \u00e0 la t\u00eate de Beit al Hikma. Lib\u00e9r\u00e9 de ma charge, cinq ans apr\u00e8s, je l\u2019ai repris. Ce n\u2019est pas un ouvrage d\u2019\u00e9rudition, mais de clarification. De nombreux th\u00e8mes ont en effet besoin d\u2019\u00eatre expliqu\u00e9s et analys\u00e9s.<br \/>\nIl y a une \u00e9tape importante \u00e0 accomplir pour la r\u00e9forme du syst\u00e8me \u00e9ducatif et du discours courant sur l\u2019islam, avec la production d\u2019ouvrages devant servir de r\u00e9f\u00e9rence dans diverses &#8230;<\/p>\n<\/div>\n<p>Auteur:<br \/>\n<a href=\"https:\/\/www.leaders.com.tn\/article\/32996-bientot-un-nouveau-livre-de-abdelmajid-charfi-les-fausses-evidences-dans-la-pensee-islamique\">Cliquez ici pour lire l&rsquo;article depuis sa source.<\/a><\/p>\n","protected":false},"excerpt":{"rendered":"<p>Je viens de remettre le texte d\u2019un nouvel ouvrage, en langue arabe, sur les fausses \u00e9vidences dans la pens\u00e9e islamique, sous le titre de \u0627\u0644\u0628\u062f\u0627\u0647\u0627\u062a \u0627\u0644\u0632\u0627\u0626\u0641\u0629 \u0641\u064a \u0627\u0644\u0641\u0643\u0631 \u0627\u0644\u0627\u0633\u0644\u0627\u0645\u064a. Je l\u2019avais commenc\u00e9 avant la prise de mes fonctions, en 2016, \u00e0 la t\u00eate de Beit al Hikma. Lib\u00e9r\u00e9 de ma charge, cinq ans apr\u00e8s, je [&hellip;]<\/p>\n","protected":false},"author":1772,"featured_media":0,"comment_status":"closed","ping_status":"closed","sticky":false,"template":"","format":"standard","meta":{"fifu_image_url":"http:\/\/www.leaders.com.tn\/uploads\/content\/thumbnails_small\/1645609123_article.jpg","fifu_image_alt":"Bient\u00f4t un nouveau livre de Abdelmajid Charfi: Les fausses \u00e9vidences dans la pens\u00e9e islamique","footnotes":""},"categories":[73,55],"tags":[],"class_list":["post-141554","post","type-post","status-publish","format-standard","hentry","category-actualite","category-tunisie"],"_links":{"self":[{"href":"https:\/\/linitiative.ca\/International\/wp-json\/wp\/v2\/posts\/141554","targetHints":{"allow":["GET"]}}],"collection":[{"href":"https:\/\/linitiative.ca\/International\/wp-json\/wp\/v2\/posts"}],"about":[{"href":"https:\/\/linitiative.ca\/International\/wp-json\/wp\/v2\/types\/post"}],"author":[{"embeddable":true,"href":"https:\/\/linitiative.ca\/International\/wp-json\/wp\/v2\/users\/1772"}],"replies":[{"embeddable":true,"href":"https:\/\/linitiative.ca\/International\/wp-json\/wp\/v2\/comments?post=141554"}],"version-history":[{"count":0,"href":"https:\/\/linitiative.ca\/International\/wp-json\/wp\/v2\/posts\/141554\/revisions"}],"wp:attachment":[{"href":"https:\/\/linitiative.ca\/International\/wp-json\/wp\/v2\/media?parent=141554"}],"wp:term":[{"taxonomy":"category","embeddable":true,"href":"https:\/\/linitiative.ca\/International\/wp-json\/wp\/v2\/categories?post=141554"},{"taxonomy":"post_tag","embeddable":true,"href":"https:\/\/linitiative.ca\/International\/wp-json\/wp\/v2\/tags?post=141554"}],"curies":[{"name":"wp","href":"https:\/\/api.w.org\/{rel}","templated":true}]}}