{"id":141560,"date":"2022-02-23T12:35:00","date_gmt":"2022-02-23T17:35:00","guid":{"rendered":"https:\/\/linitiative.ca\/International\/mission-du-fmi-a-tunis-les-perspectives-dun-accord-se-confirment\/"},"modified":"2022-02-23T12:35:00","modified_gmt":"2022-02-23T17:35:00","slug":"mission-du-fmi-a-tunis-les-perspectives-dun-accord-se-confirment","status":"publish","type":"post","link":"https:\/\/linitiative.ca\/International\/mission-du-fmi-a-tunis-les-perspectives-dun-accord-se-confirment\/","title":{"rendered":"Mission du FMI \u00e0 Tunis : les perspectives d\u2019un accord se confirment"},"content":{"rendered":"<div><img decoding=\"async\" src=\"https:\/\/linitiative.ca\/International\/wp-content\/uploads\/sites\/23\/2022\/02\/1645635155_article.jpg\" alt=\"Mission du FMI \u00e0 Tunis : les perspectives d\u2019un accord se confirment\" align=\"left\">\u00abNous avons bien progress\u00e9 et nous poursuivrons nos discussions dans les semaines \u00e0 venir, afin d&rsquo;envisager la perspective d&rsquo;un \u00e9ventuel soutien financier du FMI.\u00bb C\u2019est ce qu\u2019a d\u00e9clar\u00e9 le chef de mission du FMI pour la Tunisie, Chris Geiregat, \u00e0 l&rsquo;issue d&rsquo;une visite virtuelle conduite du 14 au 23 f\u00e9vrier courant. L\u2019objectif \u00e9tait \u00abde tenir des discussions techniques visant \u00e0 comprendre le programme de r\u00e9forme des autorit\u00e9s.\u00bb<br \/>\nCes entretiens, techniques, a soulign\u00e9 pour sa part la ministre des Finances, Sihem Boughdiri Nemsia, ont \u00e9t\u00e9 \u00ab\u00a0empreints de transparence et de compr\u00e9hension\u00a0\u00bb. Sur cette lanc\u00e9e, elle esp\u00e8re que la mission du FMI puisse boucler dans les &#8230;<\/p>\n<\/div>\n<p>Auteur:<br \/>\n<a href=\"https:\/\/www.leaders.com.tn\/article\/33000-mission-du-fmi-a-tunis-les-perspectives-d-un-accord-se-confirment\">Cliquez ici pour lire l&rsquo;article depuis sa source.<\/a><\/p>\n","protected":false},"excerpt":{"rendered":"<p>\u00abNous avons bien progress\u00e9 et nous poursuivrons nos discussions dans les semaines \u00e0 venir, afin d&rsquo;envisager la perspective d&rsquo;un \u00e9ventuel soutien financier du FMI.\u00bb C\u2019est ce qu\u2019a d\u00e9clar\u00e9 le chef de mission du FMI pour la Tunisie, Chris Geiregat, \u00e0 l&rsquo;issue d&rsquo;une visite virtuelle conduite du 14 au 23 f\u00e9vrier courant. L\u2019objectif \u00e9tait \u00abde tenir [&hellip;]<\/p>\n","protected":false},"author":1772,"featured_media":0,"comment_status":"closed","ping_status":"closed","sticky":false,"template":"","format":"standard","meta":{"fifu_image_url":"http:\/\/www.leaders.com.tn\/uploads\/content\/thumbnails_small\/1645635155_article.jpg","fifu_image_alt":"Mission du FMI \u00e0 Tunis : les perspectives d\u2019un accord se confirment","footnotes":""},"categories":[73,55],"tags":[],"class_list":["post-141560","post","type-post","status-publish","format-standard","hentry","category-actualite","category-tunisie"],"_links":{"self":[{"href":"https:\/\/linitiative.ca\/International\/wp-json\/wp\/v2\/posts\/141560","targetHints":{"allow":["GET"]}}],"collection":[{"href":"https:\/\/linitiative.ca\/International\/wp-json\/wp\/v2\/posts"}],"about":[{"href":"https:\/\/linitiative.ca\/International\/wp-json\/wp\/v2\/types\/post"}],"author":[{"embeddable":true,"href":"https:\/\/linitiative.ca\/International\/wp-json\/wp\/v2\/users\/1772"}],"replies":[{"embeddable":true,"href":"https:\/\/linitiative.ca\/International\/wp-json\/wp\/v2\/comments?post=141560"}],"version-history":[{"count":0,"href":"https:\/\/linitiative.ca\/International\/wp-json\/wp\/v2\/posts\/141560\/revisions"}],"wp:attachment":[{"href":"https:\/\/linitiative.ca\/International\/wp-json\/wp\/v2\/media?parent=141560"}],"wp:term":[{"taxonomy":"category","embeddable":true,"href":"https:\/\/linitiative.ca\/International\/wp-json\/wp\/v2\/categories?post=141560"},{"taxonomy":"post_tag","embeddable":true,"href":"https:\/\/linitiative.ca\/International\/wp-json\/wp\/v2\/tags?post=141560"}],"curies":[{"name":"wp","href":"https:\/\/api.w.org\/{rel}","templated":true}]}}