{"id":141564,"date":"2022-02-23T07:07:22","date_gmt":"2022-02-23T12:07:22","guid":{"rendered":"https:\/\/linitiative.ca\/International\/lonmt-part-a-la-conquete-des-marches-germanophones\/"},"modified":"2022-02-23T07:07:22","modified_gmt":"2022-02-23T12:07:22","slug":"lonmt-part-a-la-conquete-des-marches-germanophones","status":"publish","type":"post","link":"https:\/\/linitiative.ca\/International\/lonmt-part-a-la-conquete-des-marches-germanophones\/","title":{"rendered":"L\u2019ONMT part \u00e0 la conqu\u00eate des march\u00e9s germanophones"},"content":{"rendered":"<div><img decoding=\"async\" width=\"1115\" height=\"678\" src=\"https:\/\/linitiative.ca\/International\/wp-content\/uploads\/sites\/23\/2022\/02\/ONMT-Germanique-1.jpeg\" class=\"attachment-post-thumbnail size-post-thumbnail wp-post-image\" alt=\"\" loading=\"lazy\" srcset=\"https:\/\/linitiative.ca\/International\/wp-content\/uploads\/sites\/23\/2022\/02\/ONMT-Germanique-1.jpeg 1115w, https:\/\/www.challenge.ma\/wp-content\/uploads\/2022\/02\/ONMT-Germanique-1-300x182.jpeg 300w, https:\/\/www.challenge.ma\/wp-content\/uploads\/2022\/02\/ONMT-Germanique-1-1024x623.jpeg 1024w, https:\/\/www.challenge.ma\/wp-content\/uploads\/2022\/02\/ONMT-Germanique-1-768x467.jpeg 768w, https:\/\/www.challenge.ma\/wp-content\/uploads\/2022\/02\/ONMT-Germanique-1-360x219.jpeg 360w, https:\/\/www.challenge.ma\/wp-content\/uploads\/2022\/02\/ONMT-Germanique-1-750x456.jpeg 750w\" sizes=\"auto, (max-width: 1115px) 100vw, 1115px\" itemprop=\"image\">Adel El Fakir, Directeur g\u00e9n\u00e9ral de l\u2019Office National Marocain du Tourisme (ONMT) a rencontr\u00e9 Ralph Schiller, CEO de FTI Group, le 22 f\u00e9vrier courant \u00e0 Marrakech. Une entrevue au sommet qui s\u2019inscrit dans la d\u00e9marche de r\u00e9activation des march\u00e9s internationaux entam\u00e9e par l\u2019ONMT, notamment via les tour-op\u00e9rateurs (TO) de r\u00e9f\u00e9rence.<\/div>\n<p>Auteur: challenge<br \/>\n<a href=\"https:\/\/www.challenge.ma\/lonmt-part-a-la-conquete-des-marches-germanophones-233240\/\">Cliquez ici pour lire l&rsquo;article depuis sa source.<\/a><\/p>\n","protected":false},"excerpt":{"rendered":"<p>Adel El Fakir, Directeur g\u00e9n\u00e9ral de l\u2019Office National Marocain du Tourisme (ONMT) a rencontr\u00e9 Ralph Schiller, CEO de FTI Group, le 22 f\u00e9vrier courant \u00e0 Marrakech. Une entrevue au sommet qui s\u2019inscrit dans la d\u00e9marche de r\u00e9activation des march\u00e9s internationaux entam\u00e9e par l\u2019ONMT, notamment via les tour-op\u00e9rateurs (TO) de r\u00e9f\u00e9rence. Auteur: challenge Cliquez ici pour [&hellip;]<\/p>\n","protected":false},"author":1787,"featured_media":0,"comment_status":"closed","ping_status":"closed","sticky":false,"template":"","format":"standard","meta":{"fifu_image_url":"https:\/\/www.challenge.ma\/wp-content\/uploads\/2022\/02\/ONMT-Germanique-1.jpeg","fifu_image_alt":"L\u2019ONMT part \u00e0 la conqu\u00eate des march\u00e9s germanophones","footnotes":""},"categories":[78,54],"tags":[],"class_list":["post-141564","post","type-post","status-publish","format-standard","hentry","category-economie","category-maroc"],"_links":{"self":[{"href":"https:\/\/linitiative.ca\/International\/wp-json\/wp\/v2\/posts\/141564","targetHints":{"allow":["GET"]}}],"collection":[{"href":"https:\/\/linitiative.ca\/International\/wp-json\/wp\/v2\/posts"}],"about":[{"href":"https:\/\/linitiative.ca\/International\/wp-json\/wp\/v2\/types\/post"}],"author":[{"embeddable":true,"href":"https:\/\/linitiative.ca\/International\/wp-json\/wp\/v2\/users\/1787"}],"replies":[{"embeddable":true,"href":"https:\/\/linitiative.ca\/International\/wp-json\/wp\/v2\/comments?post=141564"}],"version-history":[{"count":0,"href":"https:\/\/linitiative.ca\/International\/wp-json\/wp\/v2\/posts\/141564\/revisions"}],"wp:attachment":[{"href":"https:\/\/linitiative.ca\/International\/wp-json\/wp\/v2\/media?parent=141564"}],"wp:term":[{"taxonomy":"category","embeddable":true,"href":"https:\/\/linitiative.ca\/International\/wp-json\/wp\/v2\/categories?post=141564"},{"taxonomy":"post_tag","embeddable":true,"href":"https:\/\/linitiative.ca\/International\/wp-json\/wp\/v2\/tags?post=141564"}],"curies":[{"name":"wp","href":"https:\/\/api.w.org\/{rel}","templated":true}]}}