{"id":141566,"date":"2022-02-23T08:02:48","date_gmt":"2022-02-23T13:02:48","guid":{"rendered":"https:\/\/linitiative.ca\/International\/maroc-les-activites-economiques-connaissent-un-retour-a-la-normale\/"},"modified":"2022-02-23T08:02:48","modified_gmt":"2022-02-23T13:02:48","slug":"maroc-les-activites-economiques-connaissent-un-retour-a-la-normale","status":"publish","type":"post","link":"https:\/\/linitiative.ca\/International\/maroc-les-activites-economiques-connaissent-un-retour-a-la-normale\/","title":{"rendered":"Maroc. Les activit\u00e9s \u00e9conomiques connaissent un retour \u00e0 la normale"},"content":{"rendered":"<div><img decoding=\"async\" width=\"746\" height=\"380\" src=\"https:\/\/linitiative.ca\/International\/wp-content\/uploads\/sites\/23\/2022\/02\/Economie-Maroc.jpg\" class=\"attachment-post-thumbnail size-post-thumbnail wp-post-image\" alt=\"\" loading=\"lazy\" srcset=\"https:\/\/linitiative.ca\/International\/wp-content\/uploads\/sites\/23\/2022\/02\/Economie-Maroc.jpg 746w, https:\/\/www.challenge.ma\/wp-content\/uploads\/2022\/02\/Economie-Maroc-300x153.jpg 300w, https:\/\/www.challenge.ma\/wp-content\/uploads\/2022\/02\/Economie-Maroc-360x183.jpg 360w\" sizes=\"auto, (max-width: 746px) 100vw, 746px\" itemprop=\"image\">Les activit\u00e9s \u00e9conomiques ont effectu\u00e9 un retour progressif \u00e0 la normale dans un contexte international perturb\u00e9, selon la Direction des \u00c9tudes et des Pr\u00e9visions Financi\u00e8res (DEPF) relevant du minist\u00e8re de l\u2019\u00c9conomie et des Finances.Pr\u00e9cis\u00e9ment dans sa note de conjoncture de f\u00e9vrier 2022, la DEPF souligne que sur le plan national,<\/div>\n<p>Auteur: challenge<br \/>\n<a href=\"https:\/\/www.challenge.ma\/maroc-les-activites-economiques-connaissent-un-retour-a-la-normale-233245\/\">Cliquez ici pour lire l&rsquo;article depuis sa source.<\/a><\/p>\n","protected":false},"excerpt":{"rendered":"<p>Les activit\u00e9s \u00e9conomiques ont effectu\u00e9 un retour progressif \u00e0 la normale dans un contexte international perturb\u00e9, selon la Direction des \u00c9tudes et des Pr\u00e9visions Financi\u00e8res (DEPF) relevant du minist\u00e8re de l\u2019\u00c9conomie et des Finances.Pr\u00e9cis\u00e9ment dans sa note de conjoncture de f\u00e9vrier 2022, la DEPF souligne que sur le plan national, Auteur: challenge Cliquez ici pour [&hellip;]<\/p>\n","protected":false},"author":1787,"featured_media":0,"comment_status":"closed","ping_status":"closed","sticky":false,"template":"","format":"standard","meta":{"fifu_image_url":"https:\/\/www.challenge.ma\/wp-content\/uploads\/2022\/02\/Economie-Maroc.jpg","fifu_image_alt":"Maroc. Les activit\u00e9s \u00e9conomiques connaissent un retour \u00e0 la normale","footnotes":""},"categories":[78,54],"tags":[],"class_list":["post-141566","post","type-post","status-publish","format-standard","hentry","category-economie","category-maroc"],"_links":{"self":[{"href":"https:\/\/linitiative.ca\/International\/wp-json\/wp\/v2\/posts\/141566","targetHints":{"allow":["GET"]}}],"collection":[{"href":"https:\/\/linitiative.ca\/International\/wp-json\/wp\/v2\/posts"}],"about":[{"href":"https:\/\/linitiative.ca\/International\/wp-json\/wp\/v2\/types\/post"}],"author":[{"embeddable":true,"href":"https:\/\/linitiative.ca\/International\/wp-json\/wp\/v2\/users\/1787"}],"replies":[{"embeddable":true,"href":"https:\/\/linitiative.ca\/International\/wp-json\/wp\/v2\/comments?post=141566"}],"version-history":[{"count":0,"href":"https:\/\/linitiative.ca\/International\/wp-json\/wp\/v2\/posts\/141566\/revisions"}],"wp:attachment":[{"href":"https:\/\/linitiative.ca\/International\/wp-json\/wp\/v2\/media?parent=141566"}],"wp:term":[{"taxonomy":"category","embeddable":true,"href":"https:\/\/linitiative.ca\/International\/wp-json\/wp\/v2\/categories?post=141566"},{"taxonomy":"post_tag","embeddable":true,"href":"https:\/\/linitiative.ca\/International\/wp-json\/wp\/v2\/tags?post=141566"}],"curies":[{"name":"wp","href":"https:\/\/api.w.org\/{rel}","templated":true}]}}