{"id":141572,"date":"2022-02-23T13:28:13","date_gmt":"2022-02-23T18:28:13","guid":{"rendered":"https:\/\/linitiative.ca\/International\/retour-des-supporters-dans-les-stades-de-foot-a-partir-du-5-mars\/"},"modified":"2022-02-23T13:28:13","modified_gmt":"2022-02-23T18:28:13","slug":"retour-des-supporters-dans-les-stades-de-foot-a-partir-du-5-mars","status":"publish","type":"post","link":"https:\/\/linitiative.ca\/International\/retour-des-supporters-dans-les-stades-de-foot-a-partir-du-5-mars\/","title":{"rendered":"Retour des supporters dans les stades de foot \u00e0 partir du 5 Mars"},"content":{"rendered":"<div><img decoding=\"async\" width=\"300\" height=\"168\" src=\"https:\/\/linitiative.ca\/International\/wp-content\/uploads\/sites\/23\/2022\/02\/winners-00005.jpg\" class=\"attachment-post-thumbnail size-post-thumbnail wp-post-image\" alt=\"\" loading=\"lazy\" itemprop=\"image\">C\u2019est une d\u00e9cision qui a \u00e9t\u00e9 attendue par des millions de supporters. Apr\u00e8s presque deux ans de huis clos, le Maroc s\u2019appr\u00eate \u00e0 retrouver le public dans les gradins. Les supporters des clubs de football au Maroc ont appel\u00e9 depuis plusieurs mois le gouvernement \u00e0 la r\u00e9ouverture des stades afin<\/div>\n<p>Auteur: challenge<br \/>\n<a href=\"https:\/\/www.challenge.ma\/retour-des-supporters-dans-les-stades-de-foot-a-partir-du-5-mars-233270\/\">Cliquez ici pour lire l&rsquo;article depuis sa source.<\/a><\/p>\n","protected":false},"excerpt":{"rendered":"<p>C\u2019est une d\u00e9cision qui a \u00e9t\u00e9 attendue par des millions de supporters. Apr\u00e8s presque deux ans de huis clos, le Maroc s\u2019appr\u00eate \u00e0 retrouver le public dans les gradins. Les supporters des clubs de football au Maroc ont appel\u00e9 depuis plusieurs mois le gouvernement \u00e0 la r\u00e9ouverture des stades afin Auteur: challenge Cliquez ici pour [&hellip;]<\/p>\n","protected":false},"author":1787,"featured_media":0,"comment_status":"closed","ping_status":"closed","sticky":false,"template":"","format":"standard","meta":{"fifu_image_url":"https:\/\/www.challenge.ma\/wp-content\/uploads\/2022\/02\/winners-00005.jpg","fifu_image_alt":"Retour des supporters dans les stades de foot \u00e0 partir du 5 Mars","footnotes":""},"categories":[78,54],"tags":[],"class_list":["post-141572","post","type-post","status-publish","format-standard","hentry","category-economie","category-maroc"],"_links":{"self":[{"href":"https:\/\/linitiative.ca\/International\/wp-json\/wp\/v2\/posts\/141572","targetHints":{"allow":["GET"]}}],"collection":[{"href":"https:\/\/linitiative.ca\/International\/wp-json\/wp\/v2\/posts"}],"about":[{"href":"https:\/\/linitiative.ca\/International\/wp-json\/wp\/v2\/types\/post"}],"author":[{"embeddable":true,"href":"https:\/\/linitiative.ca\/International\/wp-json\/wp\/v2\/users\/1787"}],"replies":[{"embeddable":true,"href":"https:\/\/linitiative.ca\/International\/wp-json\/wp\/v2\/comments?post=141572"}],"version-history":[{"count":0,"href":"https:\/\/linitiative.ca\/International\/wp-json\/wp\/v2\/posts\/141572\/revisions"}],"wp:attachment":[{"href":"https:\/\/linitiative.ca\/International\/wp-json\/wp\/v2\/media?parent=141572"}],"wp:term":[{"taxonomy":"category","embeddable":true,"href":"https:\/\/linitiative.ca\/International\/wp-json\/wp\/v2\/categories?post=141572"},{"taxonomy":"post_tag","embeddable":true,"href":"https:\/\/linitiative.ca\/International\/wp-json\/wp\/v2\/tags?post=141572"}],"curies":[{"name":"wp","href":"https:\/\/api.w.org\/{rel}","templated":true}]}}