{"id":141574,"date":"2022-02-23T16:38:02","date_gmt":"2022-02-23T21:38:02","guid":{"rendered":"https:\/\/linitiative.ca\/International\/tunisie-arrestation-de-lancien-president-du-club-africain-abdessalem-younsi\/"},"modified":"2022-02-23T16:38:02","modified_gmt":"2022-02-23T21:38:02","slug":"tunisie-arrestation-de-lancien-president-du-club-africain-abdessalem-younsi","status":"publish","type":"post","link":"https:\/\/linitiative.ca\/International\/tunisie-arrestation-de-lancien-president-du-club-africain-abdessalem-younsi\/","title":{"rendered":"Tunisie : Arrestation de l\u2019ancien pr\u00e9sident du Club Africain Abdessalem Younsi"},"content":{"rendered":"<div>\n<p>Les agents du district de la S\u00fbret\u00e9 Nationale de l\u2019Ariana Nord ont arr\u00eat\u00e9 ce soir 23 f\u00e9vrier 2022, l\u2019ancien pr\u00e9sident du Club Africain, Abdessalem Younsi. Selon les donn\u00e9es disponibles, Younsi a \u00e9t\u00e9 arr\u00eat\u00e9 en ex\u00e9cution de peines de prison de 73 ans \u00e0 son encontre pour des d\u00e9lits li\u00e9es \u00e0 l\u2019\u00e9mission de ch\u00e8ques sans provision. [\u2026]<\/p>\n<p>L\u2019article <a href=\"https:\/\/www.tunisienumerique.com\/tunisie-arrestation-de-lancien-president-du-club-africain-abdessalem-younsi\/\">Tunisie : Arrestation de l\u2019ancien pr\u00e9sident du Club Africain Abdessalem Younsi<\/a> est apparu en premier sur <a href=\"https:\/\/www.tunisienumerique.com\/\">Tunisie<\/a>.<\/p>\n<\/div>\n<p>Auteur: rania ben slimane<br \/>\n<a href=\"https:\/\/www.tunisienumerique.com\/tunisie-arrestation-de-lancien-president-du-club-africain-abdessalem-younsi\/\">Cliquez ici pour lire l&rsquo;article depuis sa source.<\/a><\/p>\n","protected":false},"excerpt":{"rendered":"<p>Les agents du district de la S\u00fbret\u00e9 Nationale de l\u2019Ariana Nord ont arr\u00eat\u00e9 ce soir 23 f\u00e9vrier 2022, l\u2019ancien pr\u00e9sident du Club Africain, Abdessalem Younsi. Selon les donn\u00e9es disponibles, Younsi a \u00e9t\u00e9 arr\u00eat\u00e9 en ex\u00e9cution de peines de prison de 73 ans \u00e0 son encontre pour des d\u00e9lits li\u00e9es \u00e0 l\u2019\u00e9mission de ch\u00e8ques sans provision. [&hellip;]<\/p>\n","protected":false},"author":1789,"featured_media":0,"comment_status":"closed","ping_status":"closed","sticky":false,"template":"","format":"standard","meta":{"fifu_image_url":"","fifu_image_alt":"","footnotes":""},"categories":[73,55],"tags":[],"class_list":["post-141574","post","type-post","status-publish","format-standard","hentry","category-actualite","category-tunisie"],"_links":{"self":[{"href":"https:\/\/linitiative.ca\/International\/wp-json\/wp\/v2\/posts\/141574","targetHints":{"allow":["GET"]}}],"collection":[{"href":"https:\/\/linitiative.ca\/International\/wp-json\/wp\/v2\/posts"}],"about":[{"href":"https:\/\/linitiative.ca\/International\/wp-json\/wp\/v2\/types\/post"}],"author":[{"embeddable":true,"href":"https:\/\/linitiative.ca\/International\/wp-json\/wp\/v2\/users\/1789"}],"replies":[{"embeddable":true,"href":"https:\/\/linitiative.ca\/International\/wp-json\/wp\/v2\/comments?post=141574"}],"version-history":[{"count":0,"href":"https:\/\/linitiative.ca\/International\/wp-json\/wp\/v2\/posts\/141574\/revisions"}],"wp:attachment":[{"href":"https:\/\/linitiative.ca\/International\/wp-json\/wp\/v2\/media?parent=141574"}],"wp:term":[{"taxonomy":"category","embeddable":true,"href":"https:\/\/linitiative.ca\/International\/wp-json\/wp\/v2\/categories?post=141574"},{"taxonomy":"post_tag","embeddable":true,"href":"https:\/\/linitiative.ca\/International\/wp-json\/wp\/v2\/tags?post=141574"}],"curies":[{"name":"wp","href":"https:\/\/api.w.org\/{rel}","templated":true}]}}