{"id":141579,"date":"2022-02-23T14:43:53","date_gmt":"2022-02-23T19:43:53","guid":{"rendered":"https:\/\/linitiative.ca\/International\/vie-chere-au-burkina-eviter-a-tout-prix-les-emeutes-de-la-faim\/"},"modified":"2022-02-23T14:43:53","modified_gmt":"2022-02-23T19:43:53","slug":"vie-chere-au-burkina-eviter-a-tout-prix-les-emeutes-de-la-faim","status":"publish","type":"post","link":"https:\/\/linitiative.ca\/International\/vie-chere-au-burkina-eviter-a-tout-prix-les-emeutes-de-la-faim\/","title":{"rendered":"VIE CHERE AU BURKINA  :  \u00c9viter \u00e0 tout prix les \u00e9meutes de la faim"},"content":{"rendered":"<div>\n<p><img decoding=\"async\" width=\"274\" height=\"184\" src=\"https:\/\/linitiative.ca\/International\/wp-content\/uploads\/sites\/23\/2022\/02\/VIE-CHERE.jpg\" class=\"attachment- size- wp-post-image\" alt=\"\" loading=\"lazy\" style=\"float:left; margin:0 15px 15px 0;\" srcset=\"https:\/\/linitiative.ca\/International\/wp-content\/uploads\/sites\/23\/2022\/02\/VIE-CHERE.jpg 274w, https:\/\/lepays.bf\/wp-content\/uploads\/2022\/02\/VIE-CHERE-128x86.jpg 128w\" sizes=\"auto, (max-width: 274px) 100vw, 274px\">Au Burkina Faso, comme dans bien des pays de la sous-r\u00e9gion ouest-africaine, l\u2019on assiste \u00e0 une envol\u00e9e des prix des denr\u00e9es de premi\u00e8re n\u00e9cessit\u00e9 et plus particuli\u00e8rement, des produits alimentaires. La manifestation la plus \u00e9vidente de cet affolement du cours des produits alimentaires sur le [\u2026]<\/p>\n<p>L\u2019article <a rel=\"nofollow\" href=\"https:\/\/lepays.bf\/vie-chere-au-burkina-eviter-a-tout-prix-les-emeutes-de-la-faim\/\">VIE CHERE AU BURKINA  :  \u00c9viter \u00e0 tout prix les \u00e9meutes de la faim<\/a> est apparu en premier sur <a rel=\"nofollow\" href=\"https:\/\/lepays.bf\/\">Editions Le Pays<\/a>.<\/p>\n<\/div>\n<p>Auteur: Editions LEPAYS<br \/>\n<a href=\"https:\/\/lepays.bf\/vie-chere-au-burkina-eviter-a-tout-prix-les-emeutes-de-la-faim\/\">Cliquez ici pour lire l&rsquo;article depuis sa source.<\/a><\/p>\n","protected":false},"excerpt":{"rendered":"<p>Au Burkina Faso, comme dans bien des pays de la sous-r\u00e9gion ouest-africaine, l\u2019on assiste \u00e0 une envol\u00e9e des prix des denr\u00e9es de premi\u00e8re n\u00e9cessit\u00e9 et plus particuli\u00e8rement, des produits alimentaires. La manifestation la plus \u00e9vidente de cet affolement du cours des produits alimentaires sur le [\u2026] L\u2019article VIE CHERE AU BURKINA : \u00c9viter \u00e0 tout [&hellip;]<\/p>\n","protected":false},"author":1813,"featured_media":0,"comment_status":"closed","ping_status":"closed","sticky":false,"template":"","format":"standard","meta":{"fifu_image_url":"https:\/\/lepays.bf\/wp-content\/uploads\/2022\/02\/VIE-CHERE.jpg","fifu_image_alt":"VIE CHERE AU BURKINA  :  \u00c9viter \u00e0 tout prix les \u00e9meutes de la faim","footnotes":""},"categories":[73,81],"tags":[],"class_list":["post-141579","post","type-post","status-publish","format-standard","hentry","category-actualite","category-burkina-faso"],"_links":{"self":[{"href":"https:\/\/linitiative.ca\/International\/wp-json\/wp\/v2\/posts\/141579","targetHints":{"allow":["GET"]}}],"collection":[{"href":"https:\/\/linitiative.ca\/International\/wp-json\/wp\/v2\/posts"}],"about":[{"href":"https:\/\/linitiative.ca\/International\/wp-json\/wp\/v2\/types\/post"}],"author":[{"embeddable":true,"href":"https:\/\/linitiative.ca\/International\/wp-json\/wp\/v2\/users\/1813"}],"replies":[{"embeddable":true,"href":"https:\/\/linitiative.ca\/International\/wp-json\/wp\/v2\/comments?post=141579"}],"version-history":[{"count":0,"href":"https:\/\/linitiative.ca\/International\/wp-json\/wp\/v2\/posts\/141579\/revisions"}],"wp:attachment":[{"href":"https:\/\/linitiative.ca\/International\/wp-json\/wp\/v2\/media?parent=141579"}],"wp:term":[{"taxonomy":"category","embeddable":true,"href":"https:\/\/linitiative.ca\/International\/wp-json\/wp\/v2\/categories?post=141579"},{"taxonomy":"post_tag","embeddable":true,"href":"https:\/\/linitiative.ca\/International\/wp-json\/wp\/v2\/tags?post=141579"}],"curies":[{"name":"wp","href":"https:\/\/api.w.org\/{rel}","templated":true}]}}